{"id":467613,"date":"2017-03-10T13:01:56","date_gmt":"2017-03-10T19:01:56","guid":{"rendered":"https:\/\/www.futboltotal.com.mx\/?p=467613"},"modified":"2017-03-10T13:01:56","modified_gmt":"2017-03-10T19:01:56","slug":"guardiola-visualiza-a-xabi-como-tecnico-y-de-los-buenos","status":"publish","type":"post","link":"http:\/\/desarrollo.grupomedios.com\/futbol\/futbol-internacional\/guardiola-visualiza-a-xabi-como-tecnico-y-de-los-buenos\/2017\/03","title":{"rendered":"Guardiola visualiza a Xabi como t\u00e9cnico&#8230; y de los buenos"},"content":{"rendered":"<p><strong>Pep Guardiola<\/strong>, t\u00e9cnico del Manchester City, elogi\u00f3 este viernes a Xabi Alonso, &#8220;uno de los mejores centrocampistas&#8221; que ha visto en su vida, un d\u00eda despu\u00e9s de que \u00e9ste anunciara su retirada a final de temporada, y se mostr\u00f3 convencido de que el internacional espa\u00f1ol &#8220;volver\u00e1 pronto como entrenador&#8221;.<\/p>\n<p><strong>Guardiola<\/strong>, que atendi\u00f3 a los medios de comunicaci\u00f3n el d\u00eda antes de enfrentarse con el Middlesbrough en cuartos de final de la FA Cup (Copa de Inglaterra), coincidi\u00f3 con Alonso durante dos temporadas en el Bayern M\u00fanich.<\/p>\n<p style=\"text-align: center;\"><a href=\"https:\/\/www.futboltotal.com.mx\/2017\/03\/nuevo-tecnico-chicharito-confeso-lo-ve-mejor-vela\/\"><span style=\"color: #3366ff;\">LEER M\u00c1S:\u00a0El nuevo t\u00e9cnico de Chicharito \u2018confes\u00f3\u2019 que lo ve mejor que Vela<\/span><\/a><\/p>\n<p>&#8220;Fuimos rivales cuando estaba en el Real Madrid y despu\u00e9s tuve la fortuna de tenerlo conmigo en M\u00fanich. Estoy seguro de que volver\u00e1 pronto como entrenador. Cuando \u00e9l quiera ser\u00e1 entrenador, y de los buenos&#8221;, dijo el t\u00e9cnico espa\u00f1ol.<\/p>\n<p>Alonso, de 35 a\u00f1os, exjugador de Real Sociedad, Eibar, Liverpool y Real Madrid y actual futbolista del Bayern M\u00fanich, anunci\u00f3 el jueves que colgar\u00e1 las botas a final de la presente temporada.<\/p>\n<p>&#8220;Es uno de los mejores centrocampistas que he visto en mi vida. Entiende el juego, tiene curiosidad por conocer sobre el juego, sobre lo que hay que hacer para ganar, est\u00e1 involucrado y tiene curiosidad por conocer todo lo relativo al juego. Me encanta trabajar con ese tipo de personas, que no vienen s\u00f3lo a trabajar y a hacer lo que tienen que hacer, sino que se involucran&#8221;, a\u00f1adi\u00f3 <strong>Guardiola<\/strong>.<\/p>\n<p style=\"text-align: center;\"><a href=\"https:\/\/www.futboltotal.com.mx\/2017\/03\/zlatan-ibrahimovic-companero-giovani-dos-santos-en-la-galaxy\/\"><span style=\"color: #3366ff;\">LEER M\u00c1S:\u00a0\u00a1Zlatan Ibrahimovic ser\u00eda compa\u00f1ero de Gio en Galaxy!<\/span><\/a><\/p>\n<p>&#8220;Normalmente eso sucede con los centrocampistas: me pas\u00f3 en Barcelona con (Javier) Mascherano y (Sergio) Busquets, y aqu\u00ed con David Silva y Fernandinho. Para un entrenador es maravilloso tener a ese tipo de jugadores. Perdemos a uno de los mejores mediocampistas, pero estoy convencido de que volver\u00e1 pronto como entrenador&#8221;, apunt\u00f3 Guardiola.<\/p>\n<p><b>S\u00edguenos en <span id=\"m_-7882404238112386914goog_2054972132\"><\/span>Twitter <a href=\"https:\/\/twitter.com\/MXFutbolTotal\" target=\"_blank\" data-saferedirecturl=\"https:\/\/www.google.com\/url?hl=es&amp;q=https:\/\/twitter.com\/MXFutbolTotal&amp;source=gmail&amp;ust=1489256981265000&amp;usg=AFQjCNHbo1yZxIJmacfaFeJ0-Lc61APqMQ\">@MXFutbolTotal<\/a><\/b><\/p>\n","protected":false},"excerpt":{"rendered":"<p>El estratega y jugador ib\u00e9ricos coincidieron en el Bayern M\u00fanich a lo largo de dos temporadas.<\/p>\n","protected":false},"author":144,"featured_media":467622,"comment_status":"closed","ping_status":"closed","sticky":false,"template":"","format":"standard","meta":[],"categories":[3839,6822,3846],"tags":[2056,289,5993,1618],"_links":{"self":[{"href":"http:\/\/desarrollo.grupomedios.com\/futbol\/wp-json\/wp\/v2\/posts\/467613"}],"collection":[{"href":"http:\/\/desarrollo.grupomedios.com\/futbol\/wp-json\/wp\/v2\/posts"}],"about":[{"href":"http:\/\/desarrollo.grupomedios.com\/futbol\/wp-json\/wp\/v2\/types\/post"}],"author":[{"embeddable":true,"href":"http:\/\/desarrollo.grupomedios.com\/futbol\/wp-json\/wp\/v2\/users\/144"}],"replies":[{"embeddable":true,"href":"http:\/\/desarrollo.grupomedios.com\/futbol\/wp-json\/wp\/v2\/comments?post=467613"}],"version-history":[{"count":0,"href":"http:\/\/desarrollo.grupomedios.com\/futbol\/wp-json\/wp\/v2\/posts\/467613\/revisions"}],"wp:featuredmedia":[{"embeddable":true,"href":"http:\/\/desarrollo.grupomedios.com\/futbol\/wp-json\/wp\/v2\/media\/467622"}],"wp:attachment":[{"href":"http:\/\/desarrollo.grupomedios.com\/futbol\/wp-json\/wp\/v2\/media?parent=467613"}],"wp:term":[{"taxonomy":"category","embeddable":true,"href":"http:\/\/desarrollo.grupomedios.com\/futbol\/wp-json\/wp\/v2\/categories?post=467613"},{"taxonomy":"post_tag","embeddable":true,"href":"http:\/\/desarrollo.grupomedios.com\/futbol\/wp-json\/wp\/v2\/tags?post=467613"}],"curies":[{"name":"wp","href":"https:\/\/api.w.org\/{rel}","templated":true}]}}