{"id":467675,"date":"2017-03-10T16:08:45","date_gmt":"2017-03-10T22:08:45","guid":{"rendered":"https:\/\/www.futboltotal.com.mx\/?p=467675"},"modified":"2017-03-10T16:09:33","modified_gmt":"2017-03-10T22:09:33","slug":"ricardo-pelaez-asegura-comprueban-amenace-al-arbitro-renuncio-america","status":"publish","type":"post","link":"http:\/\/desarrollo.grupomedios.com\/futbol\/destacado-home\/ricardo-pelaez-asegura-comprueban-amenace-al-arbitro-renuncio-america\/2017\/03","title":{"rendered":"Pel\u00e1ez asegura: &#8220;Si comprueban que amenac\u00e9 al \u00e1rbitro, renuncio&#8221;"},"content":{"rendered":"<p>Si las cosas parec\u00edan no poder empeorar para el <strong>Am\u00e9rica<\/strong>, entre el pobre juego que ha desplegado a lo largo de este 2017 y los pobres resultados de la mano de Ricardo <strong>La Volpe<\/strong> as\u00ed como el cabezazo que <strong>Pablo Aguilar<\/strong> le dio a un \u00e1rbitro, <strong>Ricardo Pel\u00e1ez<\/strong> ha puesto su renuncia como directivo de las <em>\u00c1guilas<\/em> en caso de que alguien demuestre que amenaz\u00f3 al colegiado que expulso al jugador paraguayo en <strong>Copa MX<\/strong> ante <strong>Tijuana<\/strong>.<\/p>\n<p>&#8220;Ante tanta calumnia y mentira que anda en los medios de comunicaci\u00f3n y en las redes sociales, pongo mi renuncia al Club Am\u00e9rica\u00a0si alguno de los medios de comunicaci\u00f3n o personas, la que sea,\u00a0que hayan grabado, si alguien me demuestra que yo le dije al \u00e1rbitro \u2018te van a llamar de arriba\u2019, si yo le habl\u00e9 a I\u00f1\u00e1rrit\u00fa y si yo dije que se resbal\u00f3 (&#8230;) o si yo amenac\u00e9 al \u00e1rbitro, lo \u00fanico que le dije pon lo que viste y lo que es&#8221;, asegur\u00f3 el directivo.<\/p>\n<p>&nbsp;<\/p>\n<blockquote class=\"twitter-video\" data-lang=\"es\">\n<p dir=\"ltr\" lang=\"es\">Obvio que Ricardo Pel\u00e1ez saldr\u00eda a desmentir. Dif\u00edcil comprobar lo que afirma <a href=\"https:\/\/twitter.com\/SancadillaNorte\">@SancadillaNorte<\/a>, pero a \u00e9l s\u00ed creo. <a href=\"https:\/\/t.co\/bsPZQozfjf\">pic.twitter.com\/bsPZQozfjf<\/a><\/p>\n<p>\u2014 Willy Asva (@WillyAsva) <a href=\"https:\/\/twitter.com\/WillyAsva\/status\/840318991398785025\">10 de marzo de 2017<\/a><\/p><\/blockquote>\n<p><script async src=\"\/\/platform.twitter.com\/widgets.js\" charset=\"utf-8\"><\/script><\/p>\n<p>La molestia en Pel\u00e1ez era m\u00e1s que notoria a su salida de las instalaciones del club en Coapa tras el entrenamiento de este viernes, un d\u00eda antes de que el cuadro americanista enfrente al Necaxa en la fecha 10 del Apertura 2017.<\/p>\n<p style=\"text-align: center;\"><a href=\"https:\/\/www.futboltotal.com.mx\/2017\/03\/argumento-america-defendera-a-pablo-aguilar\/\">VER M\u00c1S: EL &#8216;ARGUMENTO&#8217; CON EL QUE AM\u00c9RICA DEFENDER\u00cdA A PABLO AGUILAR<\/a><\/p>\n<p class=\"p1\"><span class=\"s1\"><b>S\u00edguenos en Twitter<\/b>:\u00a0<a href=\"https:\/\/twitter.com\/MXFutbolTotal\"><span class=\"s2\">@MXFutbolTotal<\/span><\/a><\/span><\/p>\n<p>&nbsp;<\/p>\n","protected":false},"excerpt":{"rendered":"<p>El directivo renunciar\u00eda a las \u00c1guilas en caso de que demuestren que amenaz\u00f3 al \u00e1rbitro del Tijuana-Am\u00e9rica.<\/p>\n","protected":false},"author":20,"featured_media":460722,"comment_status":"closed","ping_status":"closed","sticky":false,"template":"","format":"standard","meta":[],"categories":[5,2198,3845],"tags":[1585,5959,285,64,2274,349],"_links":{"self":[{"href":"http:\/\/desarrollo.grupomedios.com\/futbol\/wp-json\/wp\/v2\/posts\/467675"}],"collection":[{"href":"http:\/\/desarrollo.grupomedios.com\/futbol\/wp-json\/wp\/v2\/posts"}],"about":[{"href":"http:\/\/desarrollo.grupomedios.com\/futbol\/wp-json\/wp\/v2\/types\/post"}],"author":[{"embeddable":true,"href":"http:\/\/desarrollo.grupomedios.com\/futbol\/wp-json\/wp\/v2\/users\/20"}],"replies":[{"embeddable":true,"href":"http:\/\/desarrollo.grupomedios.com\/futbol\/wp-json\/wp\/v2\/comments?post=467675"}],"version-history":[{"count":0,"href":"http:\/\/desarrollo.grupomedios.com\/futbol\/wp-json\/wp\/v2\/posts\/467675\/revisions"}],"wp:featuredmedia":[{"embeddable":true,"href":"http:\/\/desarrollo.grupomedios.com\/futbol\/wp-json\/wp\/v2\/media\/460722"}],"wp:attachment":[{"href":"http:\/\/desarrollo.grupomedios.com\/futbol\/wp-json\/wp\/v2\/media?parent=467675"}],"wp:term":[{"taxonomy":"category","embeddable":true,"href":"http:\/\/desarrollo.grupomedios.com\/futbol\/wp-json\/wp\/v2\/categories?post=467675"},{"taxonomy":"post_tag","embeddable":true,"href":"http:\/\/desarrollo.grupomedios.com\/futbol\/wp-json\/wp\/v2\/tags?post=467675"}],"curies":[{"name":"wp","href":"https:\/\/api.w.org\/{rel}","templated":true}]}}