{"id":467687,"date":"2017-03-10T16:39:01","date_gmt":"2017-03-10T22:39:01","guid":{"rendered":"https:\/\/www.futboltotal.com.mx\/?p=467687"},"modified":"2017-03-10T16:39:01","modified_gmt":"2017-03-10T22:39:01","slug":"brasil-vs-alemania-hora-la-revancha","status":"publish","type":"post","link":"http:\/\/desarrollo.grupomedios.com\/futbol\/futbol-internacional\/brasil-vs-alemania-hora-la-revancha\/2017\/03","title":{"rendered":"\u00a1Brasil vs Alemania! Hora de la revancha"},"content":{"rendered":"<p><strong>Brasil<\/strong>, l\u00edder en las eliminatorias sudamericanas y al que le faltan pocos puntos para garantizar su presencia en el Mundial de f\u00fatbol de Rusia, anunci\u00f3 hoy que disputar\u00e1 un amistoso con <strong>Alemania<\/strong> en Berl\u00edn en marzo de 2018, a pocos meses de la m\u00e1xima competici\u00f3n de selecciones.<\/p>\n<p>&#8220;La selecci\u00f3n brasile\u00f1a enfrentar\u00e1 a <strong>Alemania<\/strong> el 27 de marzo de 2018, a\u00f1o del Mundial de Rusia&#8221;, anunci\u00f3 este viernes la Confederaci\u00f3n Brasile\u00f1a de F\u00fatbol (CBF) en un comunicado en el que da a entender que ya est\u00e1 pensando en su preparaci\u00f3n para la competici\u00f3n.<\/p>\n<blockquote class=\"twitter-tweet\" data-lang=\"es\">\n<p dir=\"ltr\" lang=\"pt\"><a href=\"https:\/\/twitter.com\/hashtag\/Sele%C3%A7%C3%A3oBrasileira?src=hash\">#Sele\u00e7\u00e3oBrasileira<\/a> enfrentar\u00e1 a Alemanha em mar\u00e7o de 2018. Saiba mais &gt;&gt; <a href=\"https:\/\/t.co\/FozTPaG1FQ\">https:\/\/t.co\/FozTPaG1FQ<\/a> <a href=\"https:\/\/t.co\/YGchMAJA51\">pic.twitter.com\/YGchMAJA51<\/a><\/p>\n<p>\u2014 CBF Futebol (@CBF_Futebol) <a href=\"https:\/\/twitter.com\/CBF_Futebol\/status\/840204753170767872\">10 de marzo de 2017<\/a><\/p><\/blockquote>\n<p><script async src=\"\/\/platform.twitter.com\/widgets.js\" charset=\"utf-8\"><\/script><\/p>\n<p>El partido ser\u00e1 disputado en el Estadio Ol\u00edmpico de Berl\u00edn y ser\u00e1 el primero entre las dos selecciones absolutas con m\u00e1s t\u00edtulos mundiales desde el humillante 7-1 con el que <strong>Alemania<\/strong> elimin\u00f3 a <strong>Brasil<\/strong> en el Mundial organizado por el pa\u00eds sudamericano en 2014.<\/p>\n<p>&#8220;Jugar contra una selecci\u00f3n de alto nivel, como<strong> Alemania<\/strong>, ser\u00e1 una prueba fundamental para nuestros jugadores y la comisi\u00f3n t\u00e9cnica. A\u00fan m\u00e1s por tratarse de un partido en la casa del adversario y en un a\u00f1o important\u00edsimo para nuestra selecci\u00f3n&#8221;, coment\u00f3 el coordinador de selecciones de la CBF, Edu Gaspar, citado en un comunicado de la entidad.<\/p>\n<p>La negociaci\u00f3n del amistoso fue respuesta a una solicitud del seleccionador brasile\u00f1o, Tite, quien ha insistido en que <strong>Brasil<\/strong> se mida a equipos de alto nivel en su preparaci\u00f3n para el Mundial.<\/p>\n<p style=\"text-align: center;\"><span style=\"color: #3366ff;\"><a style=\"color: #3366ff;\" href=\"https:\/\/www.futboltotal.com.mx\/2017\/03\/samuel-etoo-se-molesta-broma-en-cumpleanos\/\" target=\"_blank\"><strong>LEER M\u00c1S: Samuel Eto&#8217;o se molesta por broma en su cumplea\u00f1os<\/strong><\/a><\/span><\/p>\n<p><strong>Alemania<\/strong>, que lidera su grupo en las eliminatorias europeas sin haber perdido un partido y aspira a defender en Rusia el t\u00edtulo mundial conquistado en 2014, se medir\u00e1 a Espa\u00f1a en Dusseldorf cuatro d\u00edas antes de encontrarse con Brasil en Berl\u00edn.<\/p>\n<p>Brasil ven\u00eda negociando un amistoso con <strong>Alemania<\/strong> desde la goleada que sufri\u00f3 en Belo Horizonte en julio de 2014 para intentar una revancha pero los compromisos de ambas selecciones en las eliminatorias lo hab\u00edan impedido.<\/p>\n<p>Desde la humillante eliminaci\u00f3n en el Mundial, <strong>Brasil<\/strong> y <strong>Alemania<\/strong> tan solo se midieron a nivel ol\u00edmpico, en la final de los Juegos Ol\u00edmpicos de R\u00edo de Janeiro 2016, en los que el equipo liderado por Neymar se colg\u00f3 el oro en una decisi\u00f3n por penaltis.<\/p>\n<p><strong>S\u00edguenos en Twitter<\/strong>: <a href=\"https:\/\/twitter.com\/MXFutbolTotal\" target=\"_blank\">@MXFutbol Total<\/a><\/p>\n","protected":false},"excerpt":{"rendered":"<p>Tres a\u00f1os despu\u00e9s del hist\u00f3rico 1-7, cariocas y teutones se enfrentar\u00e1n en amistoso.<\/p>\n","protected":false},"author":144,"featured_media":467690,"comment_status":"closed","ping_status":"closed","sticky":false,"template":"","format":"standard","meta":[],"categories":[3839],"tags":[6000,6009,6214],"_links":{"self":[{"href":"http:\/\/desarrollo.grupomedios.com\/futbol\/wp-json\/wp\/v2\/posts\/467687"}],"collection":[{"href":"http:\/\/desarrollo.grupomedios.com\/futbol\/wp-json\/wp\/v2\/posts"}],"about":[{"href":"http:\/\/desarrollo.grupomedios.com\/futbol\/wp-json\/wp\/v2\/types\/post"}],"author":[{"embeddable":true,"href":"http:\/\/desarrollo.grupomedios.com\/futbol\/wp-json\/wp\/v2\/users\/144"}],"replies":[{"embeddable":true,"href":"http:\/\/desarrollo.grupomedios.com\/futbol\/wp-json\/wp\/v2\/comments?post=467687"}],"version-history":[{"count":0,"href":"http:\/\/desarrollo.grupomedios.com\/futbol\/wp-json\/wp\/v2\/posts\/467687\/revisions"}],"wp:featuredmedia":[{"embeddable":true,"href":"http:\/\/desarrollo.grupomedios.com\/futbol\/wp-json\/wp\/v2\/media\/467690"}],"wp:attachment":[{"href":"http:\/\/desarrollo.grupomedios.com\/futbol\/wp-json\/wp\/v2\/media?parent=467687"}],"wp:term":[{"taxonomy":"category","embeddable":true,"href":"http:\/\/desarrollo.grupomedios.com\/futbol\/wp-json\/wp\/v2\/categories?post=467687"},{"taxonomy":"post_tag","embeddable":true,"href":"http:\/\/desarrollo.grupomedios.com\/futbol\/wp-json\/wp\/v2\/tags?post=467687"}],"curies":[{"name":"wp","href":"https:\/\/api.w.org\/{rel}","templated":true}]}}