{"id":467769,"date":"2017-03-10T22:22:56","date_gmt":"2017-03-11T04:22:56","guid":{"rendered":"https:\/\/www.futboltotal.com.mx\/?p=467769"},"modified":"2017-03-10T22:22:56","modified_gmt":"2017-03-11T04:22:56","slug":"oficial-se-suspende-la-jornada-10","status":"publish","type":"post","link":"http:\/\/desarrollo.grupomedios.com\/futbol\/destacado-home\/oficial-se-suspende-la-jornada-10\/2017\/03","title":{"rendered":"OFICIAL: \u00a1Se suspende la jornada 10!"},"content":{"rendered":"<p>Los silbantes de la Liga MX, decidieron no presentarse a la <strong>jornada 10<\/strong>, al no quedar conformes con las sanciones que se dieron a Pablo Aguilar y Enrique Triverio, por las agresiones que hicieron en contra de \u00e1rbitros, en los Octavos de Final de la Copa MX.<\/p>\n<p>El partido entre <a href=\"https:\/\/www.futboltotal.com.mx\/2017\/03\/en-vivo-veracruz-vs-puebla-clausura-2017\/\" target=\"_blank\">Veracruz vs Puebla qued\u00f3 suspendido<\/a> debido a esa protesta pero se esperaba que H\u00e9ctor Gonz\u00e1lez I\u00f1\u00e1rritu, titular de la Comisi\u00f3n de Arbitraje, pudiera mediar con los \u00e1rbitros un acuerdo para pitar los restantes cotejos de la fecha 10; no obstante, no se lleg\u00f3 a un convenio.<\/p>\n<p>\u201cLa Federaci\u00f3n Mexicana de F\u00fatbol y la LIGA MX informan que la <strong>Jornada 10 del Torneo de Clausura 2017<\/strong>, ha sido suspendida debido a que los \u00e1rbitros designados para dicha jornada se han negado a prestar sus servicios, decisi\u00f3n que fue tomada de forma unilateral&#8230; Se dar\u00e1n a conocer los nuevos horarios, posteriormente\u201d, inform\u00f3 la FMF, en comunicado.<\/p>\n<p style=\"text-align: center;\"><span style=\"color: #3366ff;\"><a style=\"color: #3366ff;\" href=\"https:\/\/www.futboltotal.com.mx\/2017\/03\/tragedia-previo-a-la-jornada-10-fallece-anibal-ruiz\/\" target=\"_blank\"><strong>LEER M\u00c1S: Fallece An\u00edbal Ruiz en el Pirata Fuente<\/strong><\/a><\/span><\/p>\n<blockquote class=\"twitter-tweet\" data-lang=\"es\">\n<p dir=\"ltr\" lang=\"es\">Mi total apoyo para el gremio arbitral. Por el bien del f\u00fatbol mexicano debemos de estar unidos \u00e1rbitros, jugadores, equipos y afici\u00f3n &#x1f64c;<\/p>\n<p>\u2014 Pato Araujo (@paraujo5) <a href=\"https:\/\/twitter.com\/paraujo5\/status\/840410605215461376\">11 de marzo de 2017<\/a><\/p><\/blockquote>\n<p><script async src=\"\/\/platform.twitter.com\/widgets.js\" charset=\"utf-8\"><\/script><\/p>\n<blockquote class=\"twitter-tweet\" data-lang=\"es\">\n<p dir=\"ltr\" lang=\"es\">Importante: Dados los acontecimientos con los arbitros de la Liga Mx, se cancela nuestro partido de este domingo. <a href=\"https:\/\/t.co\/eyPbV0JfHE\">pic.twitter.com\/eyPbV0JfHE<\/a><\/p>\n<p>\u2014 Toluca FC (@TolucaFC) <a href=\"https:\/\/twitter.com\/TolucaFC\/status\/840412261193797634\">11 de marzo de 2017<\/a><\/p><\/blockquote>\n<p><script async src=\"\/\/platform.twitter.com\/widgets.js\" charset=\"utf-8\"><\/script><\/p>\n<p>S\u00edguenos en Twitter: <a href=\"https:\/\/twitter.com\/MXFutbolTotal\" target=\"_blank\">@MXFutbolTotal<\/a><\/p>\n","protected":false},"excerpt":{"rendered":"<p>No hay acuerdo entre \u00e1rbitros y FMF para levantar el paro.<\/p>\n","protected":false},"author":20,"featured_media":467771,"comment_status":"closed","ping_status":"closed","sticky":false,"template":"","format":"standard","meta":[],"categories":[5,2198,3845],"tags":[7732,1508,64],"_links":{"self":[{"href":"http:\/\/desarrollo.grupomedios.com\/futbol\/wp-json\/wp\/v2\/posts\/467769"}],"collection":[{"href":"http:\/\/desarrollo.grupomedios.com\/futbol\/wp-json\/wp\/v2\/posts"}],"about":[{"href":"http:\/\/desarrollo.grupomedios.com\/futbol\/wp-json\/wp\/v2\/types\/post"}],"author":[{"embeddable":true,"href":"http:\/\/desarrollo.grupomedios.com\/futbol\/wp-json\/wp\/v2\/users\/20"}],"replies":[{"embeddable":true,"href":"http:\/\/desarrollo.grupomedios.com\/futbol\/wp-json\/wp\/v2\/comments?post=467769"}],"version-history":[{"count":0,"href":"http:\/\/desarrollo.grupomedios.com\/futbol\/wp-json\/wp\/v2\/posts\/467769\/revisions"}],"wp:featuredmedia":[{"embeddable":true,"href":"http:\/\/desarrollo.grupomedios.com\/futbol\/wp-json\/wp\/v2\/media\/467771"}],"wp:attachment":[{"href":"http:\/\/desarrollo.grupomedios.com\/futbol\/wp-json\/wp\/v2\/media?parent=467769"}],"wp:term":[{"taxonomy":"category","embeddable":true,"href":"http:\/\/desarrollo.grupomedios.com\/futbol\/wp-json\/wp\/v2\/categories?post=467769"},{"taxonomy":"post_tag","embeddable":true,"href":"http:\/\/desarrollo.grupomedios.com\/futbol\/wp-json\/wp\/v2\/tags?post=467769"}],"curies":[{"name":"wp","href":"https:\/\/api.w.org\/{rel}","templated":true}]}}