{"id":467786,"date":"2017-03-12T15:26:34","date_gmt":"2017-03-12T21:26:34","guid":{"rendered":"https:\/\/www.futboltotal.com.mx\/?p=467786"},"modified":"2017-03-12T15:49:18","modified_gmt":"2017-03-12T21:49:18","slug":"en-vivo-real-madrid-vs-real-betis-liga-espana","status":"publish","type":"post","link":"http:\/\/desarrollo.grupomedios.com\/futbol\/futbol-internacional\/en-vivo-real-madrid-vs-real-betis-liga-espana\/2017\/03","title":{"rendered":"AS\u00cd SE VIVI\u00d3 | Real Madrid 2-1 Betis | La Liga"},"content":{"rendered":"<p>* \u00a1Buena tarde, amigos de Futbol Total! En Espa\u00f1a s\u00ed hay futbol y les llevaremos todas las acciones en directo del Real Madrid vs Betis.<\/p>\n<p><span style=\"color: #ff0000;\">90:00 (+3)<\/span> | El Real Madrid retoma la cima de la Liga y remonta un gol en el primer tiempo con un tanto de CR7 y otro m\u00e1s de Sergio Ramos.<\/p>\n<p><span style=\"color: #ff0000;\">90:00 (+3)<\/span> | \u00a1Acaba el partido en el Bernab\u00e9u!<\/p>\n<blockquote class=\"twitter-tweet\" data-lang=\"es\">\n<p dir=\"ltr\" lang=\"in\">FT: <a href=\"https:\/\/twitter.com\/hashtag\/RealMadrid?src=hash\">#RealMadrid<\/a> 2-1 <a href=\"https:\/\/twitter.com\/RealBetis_en\">@RealBetis_en<\/a> (<a href=\"https:\/\/twitter.com\/Cristiano\">@Cristiano<\/a> 41&#8242;, <a href=\"https:\/\/twitter.com\/SergioRamos\">@SergioRamos<\/a> 81&#8242;; Keylor Navas (OG) 25&#8242;)<a href=\"https:\/\/twitter.com\/hashtag\/RMLiga?src=hash\">#RMLiga<\/a> <a href=\"https:\/\/twitter.com\/hashtag\/HalaMadrid?src=hash\">#HalaMadrid<\/a> <a href=\"https:\/\/t.co\/PdnTQevWXc\">pic.twitter.com\/PdnTQevWXc<\/a><\/p>\n<p>\u2014 Real Madrid C.F. (@realmadriden) <a href=\"https:\/\/twitter.com\/realmadriden\/status\/841040652100108288\">12 de marzo de 2017<\/a><\/p><\/blockquote>\n<p><script async src=\"\/\/platform.twitter.com\/widgets.js\" charset=\"utf-8\"><\/script><\/p>\n<p><span style=\"color: #ff0000;\">90:00 (+2)<\/span> | \u00a1Atajad\u00f3n de Navas! Se redime el arquero de su pifia en el primer tiempo rechazando a c\u00f3rner un frentazo que era el gol del empate.<\/p>\n<p><span style=\"color: #ff0000;\">90:00<\/span> | Se agregan tres minutos&#8230;.<\/p>\n<p><span style=\"color: #ff0000;\">90:00<\/span> | El Betis tiene tiro libre y una gran ocasi\u00f3n para empatar&#8230; El cobro va directo a la barrera.<\/p>\n<p><span style=\"color: #ff0000;\">86:00<\/span> | El Real Madrid intenta mantener la ventaja, peo el Betis aprieta volcado al ataque en busca del empate.<\/p>\n<p><span style=\"color: #ff0000;\">80:00<\/span> | Apareci\u00f3 el capit\u00e1n del Real Madrid para sacar un martillazo dentro del \u00e1rea tras un cobro de tiro de esquina.<\/p>\n<blockquote class=\"twitter-video\" data-lang=\"es\">\n<p dir=\"ltr\" lang=\"es\">GOOOOOL DE RAMOS!!!!<a href=\"https:\/\/twitter.com\/hashtag\/RealMadrid?src=hash\">#RealMadrid<\/a> 2-1 <a href=\"https:\/\/twitter.com\/hashtag\/Betis?src=hash\">#Betis<\/a> <a href=\"https:\/\/t.co\/UqfyCLpVpe\">pic.twitter.com\/UqfyCLpVpe<\/a><\/p>\n<p>\u2014 Nestor Hern\u00e1ndez (@nestorhg7) <a href=\"https:\/\/twitter.com\/nestorhg7\/status\/841037534272528385\">12 de marzo de 2017<\/a><\/p><\/blockquote>\n<p><script async src=\"\/\/platform.twitter.com\/widgets.js\" charset=\"utf-8\"><\/script><\/p>\n<p><span style=\"color: #ff0000;\">78:00<\/span> | \u00a1Gooooooooooooooooooool del Real Madrid!<\/p>\n<blockquote class=\"twitter-tweet\" data-lang=\"es\">\n<p dir=\"ltr\" lang=\"en\">81&#8242; \u00a1GOOOOOOOOOOOOOOOOOOOOOL de <a href=\"https:\/\/twitter.com\/SergioRamos\">@SergioRamos<\/a>! <a href=\"https:\/\/twitter.com\/hashtag\/RealMadrid?src=hash\">#RealMadrid<\/a> 2-1 <a href=\"https:\/\/twitter.com\/RealBetis\">@RealBetis<\/a><a href=\"https:\/\/twitter.com\/hashtag\/RMLiga?src=hash\">#RMLiga<\/a> <a href=\"https:\/\/twitter.com\/hashtag\/HalaMadrid?src=hash\">#HalaMadrid<\/a> <a href=\"https:\/\/t.co\/u01dRC6pwp\">pic.twitter.com\/u01dRC6pwp<\/a><\/p>\n<p>\u2014 Real Madrid C. F. (@realmadrid) <a href=\"https:\/\/twitter.com\/realmadrid\/status\/841037304072437760\">12 de marzo de 2017<\/a><\/p><\/blockquote>\n<p><script async src=\"\/\/platform.twitter.com\/widgets.js\" charset=\"utf-8\"><\/script><\/p>\n<p><span style=\"color: #ff0000;\">78:00<\/span> | Cambio del Real Madrid: Se va Isco e ingresa Marco Asensio.<\/p>\n<p><span style=\"color: #ff0000;\">75:00<\/span> | \u00a1Perdona Cristiano Ronaldo! El luso saca un zapatazo dentro del \u00e1rea y el esf\u00e9rico pasa desviado.<\/p>\n<p><span style=\"color: #ff0000;\">68:00<\/span> | Cambio del Real Madrid: Se va James Rodr\u00edguez e ingresa Lucas V\u00e1zquez.<\/p>\n<p><span style=\"color: #ff0000;\">67:00<\/span> | El Real Madrid insiste en el segundo gol. Ha tenido 12 tiros pero solo tres de ellos a puerta.<\/p>\n<p><span style=\"color: #ff0000;\">61:00<\/span> | \u00a1Cristiano cae fuera del \u00e1rea! El \u00e1rbitro deja correr la jugada pero hubo una clara falta sobre el luso.<\/p>\n<p><span style=\"color: #ff0000;\">55:00<\/span> | El Betis sali\u00f3 con mucha actitud y a buscar hacer partido. El lateral Piccini ha estado muy activo descargando y tratando de poner balones a Sanabria y Castro.<\/p>\n<p><span style=\"color: #ff0000;\">49:00<\/span> | Ruben Castro saca un frentazo tras un buen servicio por derecha y Keylor Navas ataja.<\/p>\n<p><span style=\"color: #ff0000;\">46:00<\/span> | \u00a1Arranca la parte complementaria!<\/p>\n<p><span style=\"color: #ff0000;\">45:00<\/span> | \u00a1Se acaba el primer tiempo!<\/p>\n<p><span style=\"color: #ff0000;\">41:00<\/span> | Y solo por la banda cay\u00f3 el gol. Marcelo desbord\u00f3 por izquierda y meti\u00f3 un gran servicio que remata CR7 con un frentazo. Al luso lo dejaron solo.<\/p>\n<blockquote class=\"twitter-video\" data-lang=\"es\">\n<p dir=\"ltr\" lang=\"es\">Cristiano Ronaldo empata no Bernab\u00e9u:<\/p>\n<p>Real Madrid 1-1 Real B\u00e9tis. <a href=\"https:\/\/t.co\/X6hFoF5fLf\">pic.twitter.com\/X6hFoF5fLf<\/a><\/p>\n<p>\u2014 Guia do Futebol (@OGuiadoFutebol) <a href=\"https:\/\/twitter.com\/OGuiadoFutebol\/status\/841024112428478465\">12 de marzo de 2017<\/a><\/p><\/blockquote>\n<p><script async src=\"\/\/platform.twitter.com\/widgets.js\" charset=\"utf-8\"><\/script><\/p>\n<p><span style=\"color: #ff0000;\">40:00<\/span> | \u00a1Gooooooooooooooooooool del Real Madrid!<\/p>\n<blockquote class=\"twitter-tweet\" data-lang=\"es\">\n<p dir=\"ltr\" lang=\"en\">40&#8242; \u00a1GOOOOOOOOOOOOOOOOOOOOOOOOL de <a href=\"https:\/\/twitter.com\/Cristiano\">@Cristiano<\/a>! <a href=\"https:\/\/twitter.com\/hashtag\/RealMadrid?src=hash\">#RealMadrid<\/a> 1-1 <a href=\"https:\/\/twitter.com\/RealBetis\">@RealBetis<\/a><a href=\"https:\/\/twitter.com\/hashtag\/RMLiga?src=hash\">#RMLiga<\/a> <a href=\"https:\/\/twitter.com\/hashtag\/HalaMadrid?src=hash\">#HalaMadrid<\/a> <a href=\"https:\/\/t.co\/i7Ixfuxkmn\">pic.twitter.com\/i7Ixfuxkmn<\/a><\/p>\n<p>\u2014 Real Madrid C. F. (@realmadrid) <a href=\"https:\/\/twitter.com\/realmadrid\/status\/841023044139253760\">12 de marzo de 2017<\/a><\/p><\/blockquote>\n<p><script async src=\"\/\/platform.twitter.com\/widgets.js\" charset=\"utf-8\"><\/script><\/p>\n<p><span style=\"color: #ff0000;\">39:00<\/span> | El Betis est\u00e1 muy bien asentado y no le permite el pase entre lineas al Real Madrid.<\/p>\n<p><span style=\"color: #ff0000;\">35:00<\/span> | As\u00ed fue el terrible error de Keylor Navas.<\/p>\n<blockquote class=\"twitter-video\" data-lang=\"es\">\n<p dir=\"ltr\" lang=\"es\">El incre\u00edble fallo de Keylor Navas. Lo est\u00e1 ganando el Betis. <a href=\"https:\/\/twitter.com\/hashtag\/RealMadridRealBetis?src=hash\">#RealMadridRealBetis<\/a> <a href=\"https:\/\/twitter.com\/hashtag\/LaLiga?src=hash\">#LaLiga<\/a> <a href=\"https:\/\/t.co\/j4zxVi9cRK\">pic.twitter.com\/j4zxVi9cRK<\/a><\/p>\n<p>\u2014 Cristopher Hern\u00e1ndez (@CHdz40) <a href=\"https:\/\/twitter.com\/CHdz40\/status\/841019966128324610\">12 de marzo de 2017<\/a><\/p><\/blockquote>\n<p><script async src=\"\/\/platform.twitter.com\/widgets.js\" charset=\"utf-8\"><\/script><\/p>\n<p><span style=\"color: #ff0000;\">25:00<\/span> | Sanabria dispara con potencia y Keylor\u00a0intenta controlar el esf\u00e9rico a una mano; el bal\u00f3n acaba en la red.<\/p>\n<p><span style=\"color: #ff0000;\">24:00<\/span> | \u00a1Goooooooooooooooooooooool del Betis!<\/p>\n<p><span style=\"color: #ff0000;\">22:00<\/span> | \u00a1Zapatazo de Cristiano! El luso hace una bicicleta, rompe la marca y saca un tiro que pasa apenas desviado.<\/p>\n<p><span style=\"color: #ff0000;\">20:00<\/span> | \u00a1Se salva el Real Madrid y Navas! Otra salida del arquero en la que termina por llevarse a Sanabria. Era falta cl\u00e1risima fuera del \u00e1rea.. \u00a1Y de amarilla!<\/p>\n<p><span style=\"color: #ff0000;\">18:00<\/span> | \u00a1Zapatazo de Isco! El mediocampista sac\u00f3 un tiro desde la frontal que pasa apenas abierto del marco de Ad\u00e1n.<\/p>\n<p><span style=\"color: #ff0000;\">15:00<\/span> | \u00a1Salida de Navas! El arquero salva los muebles tras una mala salida del Real Madrid que intent\u00f3 definir Castro.<\/p>\n<p><span style=\"color: #ff0000;\">12:00<\/span> | Con buen ritmo inicio el partido y el Real Madrid asume el papel de protagonista con toques r\u00e1pidos y tratando de explotar las bandas.<\/p>\n<p><span style=\"color: #ff0000;\">08:00<\/span> | \u00a1Fogonazo de Cristiano! James saca un trazo formidable y CR7 saca un escopetazo que tapa el arquero del Betis.<\/p>\n<p><span style=\"color: #ff0000;\">06:00<\/span> | James le puso un gran bal\u00f3n a Morata y este saco un buen trazo que Cristiano Ronaldo no logr\u00f3 rematar de buena forma.<\/p>\n<p><span style=\"color: #ff0000;\">03:00<\/span> | Toni Kroos cobra un tiro de esquina por la punta izquierda y no llega el remate de Morata y Cristiano.<\/p>\n<p><span style=\"color: #ff0000;\">00:00<\/span> | \u00a1Arranca el duelo en el Santiago Bernab\u00e9u!<\/p>\n<p>* Saltan el Betis y Real Madrid a la cancha del Santiago Bernab\u00e9u. \u00a1Suena el Himno del Real Madrid!<\/p>\n<p>*Los equipos ya terminaron de entrenar y regresaron a la cancha para recibir la \u00faltima charla t\u00e9cnica.<\/p>\n<blockquote class=\"twitter-video\" data-lang=\"es\">\n<p dir=\"ltr\" lang=\"und\"><a href=\"https:\/\/twitter.com\/hashtag\/RMLiga?src=hash\">#RMLiga<\/a><a href=\"https:\/\/twitter.com\/hashtag\/RealMadrid?src=hash\">#RealMadrid<\/a> <a href=\"https:\/\/twitter.com\/RealBetis\">@RealBetis<\/a><a href=\"https:\/\/twitter.com\/hashtag\/HalaMadrid?src=hash\">#HalaMadrid<\/a> <a href=\"https:\/\/t.co\/qNhT2V5NkG\">pic.twitter.com\/qNhT2V5NkG<\/a><\/p>\n<p>\u2014 Real Madrid C.F. (@realmadriden) <a href=\"https:\/\/twitter.com\/realmadriden\/status\/841005685244481536\">12 de marzo de 2017<\/a><\/p><\/blockquote>\n<p><script async src=\"\/\/platform.twitter.com\/widgets.js\" charset=\"utf-8\"><\/script><\/p>\n<p>*Ya hay presencia de aficionados b\u00e9ticos en el Santiago Bernab\u00e9u.<\/p>\n<blockquote class=\"twitter-tweet\" data-lang=\"es\">\n<p dir=\"ltr\" lang=\"es\">Comienzan a llegar los primeros aficionados b\u00e9ticos al Santiago Bernab\u00e9u <a href=\"https:\/\/twitter.com\/hashtag\/D%C3%ADaDeBetis?src=hash\">#D\u00edaDeBetis<\/a> <a href=\"https:\/\/twitter.com\/hashtag\/RealMadridRealBetis?src=hash\">#RealMadridRealBetis<\/a> <a href=\"https:\/\/t.co\/klFUlXjQSq\">pic.twitter.com\/klFUlXjQSq<\/a><\/p>\n<p>\u2014 Real Betis Balompi\u00e9 (@RealBetis) <a href=\"https:\/\/twitter.com\/RealBetis\/status\/841000809060020224\">12 de marzo de 2017<\/a><\/p><\/blockquote>\n<p><script async src=\"\/\/platform.twitter.com\/widgets.js\" charset=\"utf-8\"><\/script><\/p>\n<p>*Zidane tiene listo el XI de los Merengues:<\/p>\n<blockquote class=\"twitter-tweet\" data-lang=\"es\">\n<p dir=\"ltr\" lang=\"und\">\u2705 <a href=\"https:\/\/twitter.com\/hashtag\/RMLiga?src=hash\">#RMLiga<\/a><a href=\"https:\/\/twitter.com\/hashtag\/RealMadrid?src=hash\">#RealMadrid<\/a> 1\u20e31\u20e3 <a href=\"https:\/\/twitter.com\/RealBetis\">@RealBetis<\/a><a href=\"https:\/\/twitter.com\/hashtag\/RMMovistar?src=hash\">#RMMovistar<\/a> <a href=\"https:\/\/twitter.com\/hashtag\/HalaMadrid?src=hash\">#HalaMadrid<\/a> <a href=\"https:\/\/t.co\/tdF0olV7p1\">pic.twitter.com\/tdF0olV7p1<\/a><\/p>\n<p>\u2014 Real Madrid C.F. (@realmadridfra) <a href=\"https:\/\/twitter.com\/realmadridfra\/status\/840994108038643712\">12 de marzo de 2017<\/a><\/p><\/blockquote>\n<p><script async src=\"\/\/platform.twitter.com\/widgets.js\" charset=\"utf-8\"><\/script><\/p>\n<p>*Tambi\u00e9n est\u00e1 listo el XI del Betis para intentar la haza\u00f1a en el Bernab\u00e9u.<\/p>\n<blockquote class=\"twitter-tweet\" data-lang=\"es\">\n<p dir=\"ltr\" lang=\"es\">\u00a1Ya tenemos a los once elegidos para el partido de hoy! \u26bd\ufe0f \u00a1Vamos, Betis!<a href=\"https:\/\/twitter.com\/hashtag\/D%C3%ADaDeBetis?src=hash\">#D\u00edaDeBetis<\/a> <a href=\"https:\/\/twitter.com\/hashtag\/RealMadridRealBetis?src=hash\">#RealMadridRealBetis<\/a> <a href=\"https:\/\/t.co\/jwe4TCBaXD\">pic.twitter.com\/jwe4TCBaXD<\/a><\/p>\n<p>\u2014 Real Betis Balompi\u00e9 (@RealBetis) <a href=\"https:\/\/twitter.com\/RealBetis\/status\/840993284071780352\">12 de marzo de 2017<\/a><\/p><\/blockquote>\n<p><script async src=\"\/\/platform.twitter.com\/widgets.js\" charset=\"utf-8\"><\/script><\/p>\n<p>El Real Madrid busca goles y regularidad ante un Real Betis que lleva diez a\u00f1os sin puntuar en el Santiago Bernab\u00e9u, donde Zinedine Zidane apostar\u00e1 por las rotaciones tras el desgaste con susto de N\u00e1poles, centrado en conquistar una Liga que es prioridad en la casa blanca.<\/p>\n<p>Sufri\u00f3 el Real Madrid en N\u00e1poles para acceder a los cuartos de final de la Liga de Campeones, con una primera parte p\u00e9sima que deja an\u00e1lisis futbol\u00edsticos ante los que responde Zidane. Frente al Betis no tendr\u00e1 el problema de buscar el equilibrio con la BBC en el campo, por la baja del gal\u00e9s Gareth Bale, pero en San Paolo fue la en\u00e9sima prueba de que su equipo juega con fuego sin las suficientes ayudas defensivas.<\/p>\n<blockquote class=\"twitter-tweet\" data-lang=\"es\">\n<p dir=\"ltr\" lang=\"es\">\ufe0f <a href=\"https:\/\/twitter.com\/hashtag\/RMCity?src=hash\">#RMCity<\/a><br \/>\n\u00a1Listos para recibir ma\u00f1ana al <a href=\"https:\/\/twitter.com\/RealBetis\">@RealBetis<\/a>! \u00bfY t\u00fa?<a href=\"https:\/\/twitter.com\/hashtag\/RMLiga?src=hash\">#RMLiga<\/a> <a href=\"https:\/\/twitter.com\/hashtag\/HalaMadrid?src=hash\">#HalaMadrid<\/a> <a href=\"https:\/\/t.co\/wE0zakgWqZ\">pic.twitter.com\/wE0zakgWqZ<\/a><\/p>\n<p>\u2014 Real Madrid C. F. (@realmadrid) <a href=\"https:\/\/twitter.com\/realmadrid\/status\/840539368259481601\">11 de marzo de 2017<\/a><\/p><\/blockquote>\n<p><script async src=\"\/\/platform.twitter.com\/widgets.js\" charset=\"utf-8\"><\/script><\/p>\n<p>Defendi\u00f3 a ultranza el 4-3-3 con la BBC el t\u00e9cnico franc\u00e9s. Es innegociable pero como ocurri\u00f3 en Eibar, la ausencia de Bale por sanci\u00f3n tras su expulsi\u00f3n ante la UD Las Palmas, provoca que la presencia de un cuarto centrocampista conceda mayor equilibrio al Real Madrid y mejore su f\u00fatbol. Lo hizo en Ipur\u00faa y busca continuidad ante el Betis en el Bernab\u00e9u.<\/p>\n<p>Anunci\u00f3 rotaciones Zidane, que no puede contar adem\u00e1s de con Bale con Pepe, Varane ni Coentrao en defensa y descart\u00f3 a Mariano en la delantero. En porter\u00eda puede tener minutos Kiko Casilla, en defensa Danilo podr\u00eda dar descanso a Dani Carvajal y todo apunta a que Isco Alarc\u00f3n y James Rodr\u00edguez tengan presencia en el centro del campo si es sistema con cuatro centrocampistas mientras que Lucas V\u00e1zquez tendr\u00eda opci\u00f3n de entrar si mantiene tres arriba.<\/p>\n<p style=\"text-align: center;\"><span style=\"color: #3366ff;\"><a style=\"color: #3366ff;\" href=\"https:\/\/www.futboltotal.com.mx\/2017\/03\/uefa-abre-expediente-contra-barcelona\/\">LEER M\u00c1S: \u00a1UEFA abre expediente contra el Barcelona!<\/a><\/span><\/p>\n<p>El h\u00e9roe de N\u00e1poles, el capit\u00e1n Sergio Ramos, liderar\u00e1 al equipo en el que su otro l\u00edder, como se\u00f1al\u00f3 Zidane, Cristiano Ronaldo, necesita goles para olvidar su gafe en &#8216;Champions, con solo dos tantos y sin marcar dos claras ocasiones en Italia.<\/p>\n<p>Mientras, el Real Betis llega al Santiago Bernab\u00e9u en un mal momento, despu\u00e9s de haber ganado un solo partido de los \u00faltimos nueve, pero convencido de la necesidad de ofrecer su mejor versi\u00f3n para intentar dar la sorpresa a un Real Madrid al que no le gana a domicilio desde octubre de 1998, cuando venci\u00f3 por 0-1 con un gol del nigeriano Finidi.<\/p>\n<p>Tras la decepci\u00f3n del 1-1 del pasado mi\u00e9rcoles en su partido aplazado en el campo del Deportivo, pues encaj\u00f3 el gol en el tiempo a\u00f1adido y de un penalti muy discutido, los verdiblancos han querido abstraerse de esa pol\u00e9mica y mantienen la ilusi\u00f3n de dar una campanada contra el Real Madrid para acabar con su mala din\u00e1mica.<\/p>\n<p>La irregular trayectoria del equipo entrenado por el exmadridista V\u00edctor S\u00e1nchez del Amo se agudiza sobre todo fuera de casa, donde hasta ahora el Betis s\u00f3lo ha sumado 10 puntos, por lo que la consigna del conjunto del barrio de Heli\u00f3polis es tirar de orgullo y tratar de buscar objetivos ilusionantes con un triunfo sonado en el Bernab\u00e9u.<\/p>\n<p>Para ello, el referente para los verdiblancos es el partido de hace seis jornadas en casa ante el Barcelona, al que le plantaron cara y con el que empataron 1-1 en un choque que, con una presi\u00f3n muy alta arriba y un derroche de f\u00edsico e intensidad, no ganaron por culpa de la gran reacci\u00f3n de los azulgranas en la recta final.<\/p>\n<p>V\u00edctor, que s\u00f3lo tiene las bajas por lesi\u00f3n del medio galo Jonas Martin y del central canterano Jos\u00e9 Carlos, ha destacado que ir\u00e1n al Bernab\u00e9u &#8220;con la m\u00e1xima ilusi\u00f3n, concentraci\u00f3n y atenci\u00f3n&#8221; para buscar un triunfo que ser\u00eda de fuste e insuflar\u00eda mucho \u00e1nimo a su equipo, que es decimocuarto con 28 puntos, a 9 del descenso.<\/p>\n<p><strong>&#8211; Alineaciones probables:<\/strong><\/p>\n<p>Real Madrid: Keylor Navas o Kiko Casilla; Danilo, Sergio Ramos, Nacho Fern\u00e1ndez, Marcelo; Casemiro, Kroos o Modric, Isco, James; Cristiano Ronaldo y Benzema.<\/p>\n<p>Betis: Ad\u00e1n; Piccini, Mandi, Pezzella, Tosca, Durmisi; Petros, Rub\u00e9n Pardo, Donk; Dani Ceballos y Rub\u00e9n Castro.<\/p>\n","protected":false},"excerpt":{"rendered":"<p>Los Merengues recobraron la cima tras la derrota del Barcelona ante el Depor.<\/p>\n","protected":false},"author":144,"featured_media":468152,"comment_status":"closed","ping_status":"closed","sticky":false,"template":"","format":"standard","meta":[],"categories":[3839,3844],"tags":[1913,5988],"_links":{"self":[{"href":"http:\/\/desarrollo.grupomedios.com\/futbol\/wp-json\/wp\/v2\/posts\/467786"}],"collection":[{"href":"http:\/\/desarrollo.grupomedios.com\/futbol\/wp-json\/wp\/v2\/posts"}],"about":[{"href":"http:\/\/desarrollo.grupomedios.com\/futbol\/wp-json\/wp\/v2\/types\/post"}],"author":[{"embeddable":true,"href":"http:\/\/desarrollo.grupomedios.com\/futbol\/wp-json\/wp\/v2\/users\/144"}],"replies":[{"embeddable":true,"href":"http:\/\/desarrollo.grupomedios.com\/futbol\/wp-json\/wp\/v2\/comments?post=467786"}],"version-history":[{"count":0,"href":"http:\/\/desarrollo.grupomedios.com\/futbol\/wp-json\/wp\/v2\/posts\/467786\/revisions"}],"wp:featuredmedia":[{"embeddable":true,"href":"http:\/\/desarrollo.grupomedios.com\/futbol\/wp-json\/wp\/v2\/media\/468152"}],"wp:attachment":[{"href":"http:\/\/desarrollo.grupomedios.com\/futbol\/wp-json\/wp\/v2\/media?parent=467786"}],"wp:term":[{"taxonomy":"category","embeddable":true,"href":"http:\/\/desarrollo.grupomedios.com\/futbol\/wp-json\/wp\/v2\/categories?post=467786"},{"taxonomy":"post_tag","embeddable":true,"href":"http:\/\/desarrollo.grupomedios.com\/futbol\/wp-json\/wp\/v2\/tags?post=467786"}],"curies":[{"name":"wp","href":"https:\/\/api.w.org\/{rel}","templated":true}]}}