{"id":467789,"date":"2017-03-11T09:49:35","date_gmt":"2017-03-11T15:49:35","guid":{"rendered":"https:\/\/www.futboltotal.com.mx\/?p=467789"},"modified":"2017-03-11T09:49:35","modified_gmt":"2017-03-11T15:49:35","slug":"equipo-esta-afectado-muerte-del-mano-ruiz-cardozo","status":"publish","type":"post","link":"http:\/\/desarrollo.grupomedios.com\/futbol\/futbol-mexicano\/equipo-esta-afectado-muerte-del-mano-ruiz-cardozo\/2017\/03","title":{"rendered":"El equipo est\u00e1 afectado por muerte del &#8216;Ma\u00f1o&#8217;: Cardozo"},"content":{"rendered":"<p>El Director T\u00e9cnico del Puebla, Jos\u00e9 Saturnino Cardozo, lament\u00f3 el fallecimiento de su auxiliar t\u00e9cnico y amigo Anibal <em>Ma\u00f1o<\/em> Ru\u00edz este viernes en Veracruz.<\/p>\n<p>El estratega de los<em> Camoteros<\/em> revel\u00f3 que su equipo est\u00e1 dolido por la partida de Ru\u00edz en el Pirata Fuente, pues apenas hace unas horas hab\u00edan desayunado con el auxiliar.<\/p>\n<p style=\"text-align: center;\"><span style=\"color: #3366ff;\"><a style=\"color: #3366ff;\" href=\"https:\/\/www.futboltotal.com.mx\/2017\/03\/origino-la-huelga-los-arbitros-la-liga-mx\/\">LEER M\u00c1S: Pel\u00e1ez y Aguilar, \u00bfcausantes de la huelga de \u00e1rbitros?<\/a><\/span><\/p>\n<blockquote><p>&#8220;El plantel est\u00e1 totalmente perdido por el fallecimiento del Ma\u00f1o. Hoy en la ma\u00f1ana tomamos caf\u00e9 con \u00e9l. La verdad es que estamos muy dolidos&#8221;, confes\u00f3 Cardozo.<\/p><\/blockquote>\n<p>El Pr\u00edncipe Guaran\u00ed destac\u00f3 las cualidades que ten\u00eda su amigo y compa\u00f1ero para el futbol, motivo por el que lleg\u00f3 a trabajar a M\u00e9xico cuando dirig\u00eda al Toluca.<\/p>\n<blockquote><p>&#8220;Lo conoc\u00edamos desde hace mucho tiempo, yo lo invit\u00e9 a trabajar conmigo para aprenderle, sab\u00eda mucho de futbol y como persona nos conocemos desde hace mucho&#8221;, explic\u00f3.<\/p><\/blockquote>\n<p>Jos\u00e9 Cardozo fue dirigido por Anibal Ru\u00edz en la Selecci\u00f3n Paraguaya y cuando Saturnino dirig\u00eda a los Diablos Rojos lo invit\u00f3 como su auxiliar t\u00e9cnico. Tambi\u00e9n estuvo en su paso por Jaguares de Chiapas y el Puebla.<\/p>\n<blockquote class=\"twitter-video\" data-lang=\"es\">\n<p dir=\"ltr\" lang=\"es\">Jos\u00e9 Saturnino Cardozo habl\u00f3 de su sentir ante el fallecimiento de An\u00edbal &#8220;Ma\u00f1o&#8221; Ru\u00edz <a href=\"https:\/\/twitter.com\/ClubPueblaMX\">@ClubPueblaMX<\/a> <a href=\"https:\/\/twitter.com\/TelevisaPuebla\">@TelevisaPuebla<\/a> <a href=\"https:\/\/twitter.com\/televertv\">@televertv<\/a> <a href=\"https:\/\/twitter.com\/TD_Deportes\">@TD_Deportes<\/a> <a href=\"https:\/\/t.co\/ypcNqhmg7s\">pic.twitter.com\/ypcNqhmg7s<\/a><\/p>\n<p>\u2014 Pura Pasion (@purapasiontv) <a href=\"https:\/\/twitter.com\/purapasiontv\/status\/840437523310661632\">11 de marzo de 2017<\/a><\/p><\/blockquote>\n<p><script async src=\"\/\/platform.twitter.com\/widgets.js\" charset=\"utf-8\"><\/script><\/p>\n","protected":false},"excerpt":{"rendered":"<p>Cardozo lament\u00f3 la p\u00e9rdida de su compatriota y amigo.<\/p>\n","protected":false},"author":20,"featured_media":467746,"comment_status":"closed","ping_status":"closed","sticky":false,"template":"","format":"standard","meta":[],"categories":[2198,3845],"tags":[4235,64,5969],"_links":{"self":[{"href":"http:\/\/desarrollo.grupomedios.com\/futbol\/wp-json\/wp\/v2\/posts\/467789"}],"collection":[{"href":"http:\/\/desarrollo.grupomedios.com\/futbol\/wp-json\/wp\/v2\/posts"}],"about":[{"href":"http:\/\/desarrollo.grupomedios.com\/futbol\/wp-json\/wp\/v2\/types\/post"}],"author":[{"embeddable":true,"href":"http:\/\/desarrollo.grupomedios.com\/futbol\/wp-json\/wp\/v2\/users\/20"}],"replies":[{"embeddable":true,"href":"http:\/\/desarrollo.grupomedios.com\/futbol\/wp-json\/wp\/v2\/comments?post=467789"}],"version-history":[{"count":0,"href":"http:\/\/desarrollo.grupomedios.com\/futbol\/wp-json\/wp\/v2\/posts\/467789\/revisions"}],"wp:featuredmedia":[{"embeddable":true,"href":"http:\/\/desarrollo.grupomedios.com\/futbol\/wp-json\/wp\/v2\/media\/467746"}],"wp:attachment":[{"href":"http:\/\/desarrollo.grupomedios.com\/futbol\/wp-json\/wp\/v2\/media?parent=467789"}],"wp:term":[{"taxonomy":"category","embeddable":true,"href":"http:\/\/desarrollo.grupomedios.com\/futbol\/wp-json\/wp\/v2\/categories?post=467789"},{"taxonomy":"post_tag","embeddable":true,"href":"http:\/\/desarrollo.grupomedios.com\/futbol\/wp-json\/wp\/v2\/tags?post=467789"}],"curies":[{"name":"wp","href":"https:\/\/api.w.org\/{rel}","templated":true}]}}