{"id":467838,"date":"2017-03-11T16:12:36","date_gmt":"2017-03-11T22:12:36","guid":{"rendered":"https:\/\/www.futboltotal.com.mx\/?p=467838"},"modified":"2017-03-11T16:12:36","modified_gmt":"2017-03-11T22:12:36","slug":"paro-la-liga-mx-ridiculo-mundial-javier-alarcon","status":"publish","type":"post","link":"http:\/\/desarrollo.grupomedios.com\/futbol\/futbol-mexicano\/paro-la-liga-mx-ridiculo-mundial-javier-alarcon\/2017\/03","title":{"rendered":"El paro de la Liga MX, un r\u00eddiculo Mundial: Javier Alarc\u00f3n"},"content":{"rendered":"<p>El segundo fin de semana de marzo t\u00e9rmino desierto en cuanto a actividad en la Liga MX, debido a la suspensi\u00f3n de la jornada 10, provocada por la huelga de los \u00e1rbitros, quienes <a href=\"https:\/\/www.futboltotal.com.mx\/2017\/03\/origino-la-huelga-los-arbitros-la-liga-mx\/\" target=\"_blank\">est\u00e1n inconformes por las sanciones a Pablo Aguilar y Ricardo Pel\u00e1ez<\/a>.<\/p>\n<p>Al respecto varios comentaristas los que han dado a conocer su opini\u00f3n, pero destaca un tuit de <strong>Javier Alarc\u00f3n<\/strong>, quien coloca un comentario sobre lo mal que queda el futbol mexicano; sin embargo, no escribi\u00f3 la frase con la suficiente claridad, ya que muchos usuarios interpretaron su mensaje como una ofensa al arbitraje.<\/p>\n<p style=\"text-align: center;\"><span style=\"color: #3366ff;\"><a style=\"color: #3366ff;\" href=\"https:\/\/www.futboltotal.com.mx\/2017\/03\/los-mejores-memes-la-suspension-la-liga-mx\/\" target=\"_blank\"><strong>LEER M\u00c1S: Usuarios se burlan del paro a la Liga MX<\/strong><\/a><\/span><\/p>\n<blockquote class=\"twitter-tweet\" data-lang=\"es\">\n<p dir=\"ltr\" lang=\"es\">Los \u00e1rbitros paran la <a href=\"https:\/\/twitter.com\/LIGABancomerMX\">@LIGABancomerMX<\/a> Rid\u00edculo mundial.<\/p>\n<p>\u2014 Javier Alarc\u00f3n (@Javier_Alarcon_) <a href=\"https:\/\/twitter.com\/Javier_Alarcon_\/status\/840398819984568320\">11 de marzo de 2017<\/a><\/p><\/blockquote>\n<p><script async src=\"\/\/platform.twitter.com\/widgets.js\" charset=\"utf-8\"><\/script><\/p>\n<blockquote class=\"twitter-tweet\" data-lang=\"es\">\n<p dir=\"ltr\" lang=\"es\">Los \u00e1rbitros est\u00e1n inconformes con los castigos. Alto riesgo de que no piten en la jornada 10. El f\u00fatbol mexicano queda muy mal.<\/p>\n<p>\u2014 Jos\u00e9 Ram\u00f3n Fern\u00e1ndez (@joserra_espn) <a href=\"https:\/\/twitter.com\/joserra_espn\/status\/840385881575845888\">11 de marzo de 2017<\/a><\/p><\/blockquote>\n<p><script async src=\"\/\/platform.twitter.com\/widgets.js\" charset=\"utf-8\"><\/script><\/p>\n<blockquote class=\"twitter-tweet\" data-lang=\"es\">\n<p dir=\"ltr\" lang=\"es\">El trabajo de los \u00e1rbitros puede ser bueno, mediocre o infame, sin embargo, por encima de cualquiera cosa est\u00e1 defenderse de la violencia!!!<\/p>\n<p>\u2014 Christian Martinoli (@martinolimx) <a href=\"https:\/\/twitter.com\/martinolimx\/status\/840381717395431424\">11 de marzo de 2017<\/a><\/p><\/blockquote>\n<p><script async src=\"\/\/platform.twitter.com\/widgets.js\" charset=\"utf-8\"><\/script><\/p>\n<blockquote class=\"twitter-tweet\" data-lang=\"es\">\n<p dir=\"ltr\" lang=\"es\">Noche hist\u00f3rica en el futbol mexicano&#8230;<br \/>\nLos arbitros le han sacado &#8220;tarjeta roja&#8221; a la Liga MX&#8230;<\/p>\n<p>\u2014 David Faitelson (@Faitelson_ESPN) <a href=\"https:\/\/twitter.com\/Faitelson_ESPN\/status\/840387192706949120\">11 de marzo de 2017<\/a><\/p><\/blockquote>\n<p><script async src=\"\/\/platform.twitter.com\/widgets.js\" charset=\"utf-8\"><\/script><\/p>\n<p><strong>S\u00edguenos en Twitter:<\/strong> <a href=\"https:\/\/twitter.com\/MXFutbolTotal\" target=\"_blank\">@MXFutbolTotal<\/a><\/p>\n","protected":false},"excerpt":{"rendered":"<p>El comentarista de Grupo Imagen tundi\u00f3 en redes sociales tras suspensi\u00f3n de jornada 10.<\/p>\n","protected":false},"author":20,"featured_media":467840,"comment_status":"closed","ping_status":"closed","sticky":false,"template":"","format":"standard","meta":[],"categories":[5419,2198,3845],"tags":[5460,1508],"_links":{"self":[{"href":"http:\/\/desarrollo.grupomedios.com\/futbol\/wp-json\/wp\/v2\/posts\/467838"}],"collection":[{"href":"http:\/\/desarrollo.grupomedios.com\/futbol\/wp-json\/wp\/v2\/posts"}],"about":[{"href":"http:\/\/desarrollo.grupomedios.com\/futbol\/wp-json\/wp\/v2\/types\/post"}],"author":[{"embeddable":true,"href":"http:\/\/desarrollo.grupomedios.com\/futbol\/wp-json\/wp\/v2\/users\/20"}],"replies":[{"embeddable":true,"href":"http:\/\/desarrollo.grupomedios.com\/futbol\/wp-json\/wp\/v2\/comments?post=467838"}],"version-history":[{"count":0,"href":"http:\/\/desarrollo.grupomedios.com\/futbol\/wp-json\/wp\/v2\/posts\/467838\/revisions"}],"wp:featuredmedia":[{"embeddable":true,"href":"http:\/\/desarrollo.grupomedios.com\/futbol\/wp-json\/wp\/v2\/media\/467840"}],"wp:attachment":[{"href":"http:\/\/desarrollo.grupomedios.com\/futbol\/wp-json\/wp\/v2\/media?parent=467838"}],"wp:term":[{"taxonomy":"category","embeddable":true,"href":"http:\/\/desarrollo.grupomedios.com\/futbol\/wp-json\/wp\/v2\/categories?post=467838"},{"taxonomy":"post_tag","embeddable":true,"href":"http:\/\/desarrollo.grupomedios.com\/futbol\/wp-json\/wp\/v2\/tags?post=467838"}],"curies":[{"name":"wp","href":"https:\/\/api.w.org\/{rel}","templated":true}]}}