{"id":468023,"date":"2017-03-11T21:45:02","date_gmt":"2017-03-12T03:45:02","guid":{"rendered":"https:\/\/www.futboltotal.com.mx\/?p=468023"},"modified":"2017-03-11T21:45:02","modified_gmt":"2017-03-12T03:45:02","slug":"aficion-america-chivas-acude-a-estadios-pese-a-suspension","status":"publish","type":"post","link":"http:\/\/desarrollo.grupomedios.com\/futbol\/destacado-home\/aficion-america-chivas-acude-a-estadios-pese-a-suspension\/2017\/03","title":{"rendered":"\u00a1Afici\u00f3n de Am\u00e9rica y Chivas acude a estadios pese a suspensi\u00f3n!"},"content":{"rendered":"<p>La jornada 10 del Clausura 2017 fue suspendida, por las protestas de los \u00e1rbitros ante el castigo impuesto por la Comisi\u00f3n Disciplinaria, a Enrique Triverio y Pablo Aguilar, quienes agredieron a silbantes en los Octavos de Final de la Copa MX.<\/p>\n<p>La noche del viernes 10 de marzo, Enrique Bonilla confirm\u00f3 que no habr\u00eda futbol de Primera Divisi\u00f3n debido a la huelga nazarena, por lo que la afici\u00f3n nacional, se qued\u00f3 sin actividad de fin de semana; salvo los que no se enteraron o a\u00fan ten\u00edan esperanzas que de aparecieran sus equipos, pues en el estadio Azteca y en el Universitario de Nuevo Le\u00f3n, se report\u00f3 la presencia de personas que iban a apoyar a su equipo, particularmente, de devotos a Am\u00e9rica y Chivas.<\/p>\n<p style=\"text-align: center;\"><span style=\"color: #3366ff;\"><a style=\"color: #3366ff;\" href=\"https:\/\/www.futboltotal.com.mx\/2017\/03\/divide-y-venceras-el-plan-de-la-fmf-para-erradicar-a-los-arbitros\/\" target=\"_blank\"><strong>LEER M\u00c1S: \u00a1Divide y vencer\u00e1s! El plan de FMF para erradicar a los \u00e1rbitros<\/strong><\/a><\/span><\/p>\n<blockquote class=\"twitter-video\" data-lang=\"es\">\n<p dir=\"ltr\" lang=\"es\">Ahorita arrancar\u00eda el juego&#8230;Veamos que nos dijo un aficionado que acudi\u00f3 con su hijo al Azteca pensando que hab\u00eda partido <a href=\"https:\/\/twitter.com\/hashtag\/notodossaben?src=hash\">#notodossaben<\/a> <a href=\"https:\/\/t.co\/aUlzgrHSba\">pic.twitter.com\/aUlzgrHSba<\/a><\/p>\n<p>\u2014 Jonatan Pe\u00f1a (@Jonatan_Pena) <a href=\"https:\/\/twitter.com\/Jonatan_Pena\/status\/840729558219390976\">12 de marzo de 2017<\/a><\/p><\/blockquote>\n<p><script async src=\"\/\/platform.twitter.com\/widgets.js\" charset=\"utf-8\"><\/script><\/p>\n<p style=\"text-align: left;\"><a href=\"https:\/\/www.futboltotal.com.mx\/wp-content\/uploads\/2017\/03\/aficion-jornada-10-suspendida-chivas.jpg\"><img decoding=\"async\" loading=\"lazy\" class=\"alignnone size-full wp-image-468026\" src=\"https:\/\/www.futboltotal.com.mx\/wp-content\/uploads\/2017\/03\/aficion-jornada-10-suspendida-chivas.jpg\" alt=\"\u00a1Afici\u00f3n de Am\u00e9rica y Chivas acude a estadios pese a suspensi\u00f3n! 0\" srcset=\"http:\/\/desarrollo.grupomedios.com\/futbol\/wp-content\/uploads\/2017\/03\/aficion-jornada-10-suspendida-chivas.jpg 1136w, http:\/\/desarrollo.grupomedios.com\/futbol\/wp-content\/uploads\/2017\/03\/aficion-jornada-10-suspendida-chivas-300x169.jpg 300w, http:\/\/desarrollo.grupomedios.com\/futbol\/wp-content\/uploads\/2017\/03\/aficion-jornada-10-suspendida-chivas-768x432.jpg 768w, http:\/\/desarrollo.grupomedios.com\/futbol\/wp-content\/uploads\/2017\/03\/aficion-jornada-10-suspendida-chivas-1024x576.jpg 1024w, http:\/\/desarrollo.grupomedios.com\/futbol\/wp-content\/uploads\/2017\/03\/aficion-jornada-10-suspendida-chivas-317x178.jpg 317w, http:\/\/desarrollo.grupomedios.com\/futbol\/wp-content\/uploads\/2017\/03\/aficion-jornada-10-suspendida-chivas-535x301.jpg 535w, http:\/\/desarrollo.grupomedios.com\/futbol\/wp-content\/uploads\/2017\/03\/aficion-jornada-10-suspendida-chivas-374x210.jpg 374w\" sizes=\"(max-width: 1136px) 100vw, 1136px\" \/><\/a><\/p>\n<p style=\"text-align: left;\"><strong>S\u00edguenos en Twitter<\/strong>: <a href=\"https:\/\/twitter.com\/MXFutbolTotal\" target=\"_blank\">@MXFutbolTotal<\/a><\/p>\n","protected":false},"excerpt":{"rendered":"<p>El Azteca y el Volc\u00e1n fueron visitados por devotos al futbol despistados o esc\u00e9pticos.<\/p>\n","protected":false},"author":20,"featured_media":468028,"comment_status":"closed","ping_status":"closed","sticky":false,"template":"","format":"standard","meta":[],"categories":[5,2198,3845],"tags":[5959,70,1508],"_links":{"self":[{"href":"http:\/\/desarrollo.grupomedios.com\/futbol\/wp-json\/wp\/v2\/posts\/468023"}],"collection":[{"href":"http:\/\/desarrollo.grupomedios.com\/futbol\/wp-json\/wp\/v2\/posts"}],"about":[{"href":"http:\/\/desarrollo.grupomedios.com\/futbol\/wp-json\/wp\/v2\/types\/post"}],"author":[{"embeddable":true,"href":"http:\/\/desarrollo.grupomedios.com\/futbol\/wp-json\/wp\/v2\/users\/20"}],"replies":[{"embeddable":true,"href":"http:\/\/desarrollo.grupomedios.com\/futbol\/wp-json\/wp\/v2\/comments?post=468023"}],"version-history":[{"count":0,"href":"http:\/\/desarrollo.grupomedios.com\/futbol\/wp-json\/wp\/v2\/posts\/468023\/revisions"}],"wp:featuredmedia":[{"embeddable":true,"href":"http:\/\/desarrollo.grupomedios.com\/futbol\/wp-json\/wp\/v2\/media\/468028"}],"wp:attachment":[{"href":"http:\/\/desarrollo.grupomedios.com\/futbol\/wp-json\/wp\/v2\/media?parent=468023"}],"wp:term":[{"taxonomy":"category","embeddable":true,"href":"http:\/\/desarrollo.grupomedios.com\/futbol\/wp-json\/wp\/v2\/categories?post=468023"},{"taxonomy":"post_tag","embeddable":true,"href":"http:\/\/desarrollo.grupomedios.com\/futbol\/wp-json\/wp\/v2\/tags?post=468023"}],"curies":[{"name":"wp","href":"https:\/\/api.w.org\/{rel}","templated":true}]}}