{"id":468035,"date":"2017-03-11T22:13:33","date_gmt":"2017-03-12T04:13:33","guid":{"rendered":"https:\/\/www.futboltotal.com.mx\/?p=468035"},"modified":"2017-03-11T22:13:33","modified_gmt":"2017-03-12T04:13:33","slug":"arbitros-siguen-firmes-hasta-que-se-den-sanciones-justas","status":"publish","type":"post","link":"http:\/\/desarrollo.grupomedios.com\/futbol\/futbol-mexicano\/arbitros-siguen-firmes-hasta-que-se-den-sanciones-justas\/2017\/03","title":{"rendered":"\u00a1\u00c1rbitros siguen firmes, hasta que se den sanciones justas!"},"content":{"rendered":"<p>Luego de una reuni\u00f3n que les llev\u00f3 cuatro horas, los <strong>\u00e1rbitros de la Liga MX<\/strong> salieron de las instalaciones de su gremio en silencio, pues no dieron una sola declaraci\u00f3n a la prensa que los esperaba, debido a que su abogado les recomend\u00f3 no dar detalles de su lucha contra los directivos del balompi\u00e9 azteca.<\/p>\n<p>Sin embargo, los nazarenos s\u00ed emitieron un comunicado a trav\u00e9s la cuenta de Twitter de la <strong>Asociaci\u00f3n Mexicana de \u00c1rbitros,<\/strong> donde confirmaron que su protesta es por las agresiones que sufrieron dos de sus colegas, por parte de Pablo Aguilar y Enrique Triverio.<\/p>\n<p>Adem\u00e1s, los colegiados acusaron a H\u00e9ctor Gonz\u00e1lez In\u00f1\u00e1rritu de haberle advertido que no dirigir\u00edan la jornada 10, si no daban las sanciones oportunas; por lo que la huelga era una medida que ya esperaban Decio de Mar\u00eda y Enrique Bonilla.<\/p>\n<p style=\"text-align: center;\"><span style=\"color: #3366ff;\"><a style=\"color: #3366ff;\" href=\"https:\/\/www.futboltotal.com.mx\/2017\/03\/aficion-america-chivas-acude-a-estadios-pese-a-suspension\/\" target=\"_blank\"><strong>LEER M\u00c1S: Afici\u00f3n de Am\u00e9rica y Chivas acude a estadios pese a suspensi\u00f3n de j10<\/strong><\/a><\/span><\/p>\n<blockquote class=\"twitter-tweet\" data-lang=\"es\">\n<p dir=\"ltr\" lang=\"es\">Comunicado de Prensa de la Asociaci\u00f3n Mexicana de \u00c1rbitros <a href=\"https:\/\/twitter.com\/hashtag\/AMA?src=hash\">#AMA<\/a> <a href=\"https:\/\/twitter.com\/hashtag\/UnidosPorUnBienCom%C3%BAn?src=hash\">#UnidosPorUnBienCom\u00fan<\/a> <a href=\"https:\/\/twitter.com\/hashtag\/FEMEXFUT?src=hash\">#FEMEXFUT<\/a> <a href=\"https:\/\/twitter.com\/hashtag\/LigaMX?src=hash\">#LigaMX<\/a> <a href=\"https:\/\/twitter.com\/hashtag\/M%C3%A9xico?src=hash\">#M\u00e9xico<\/a> <a href=\"https:\/\/t.co\/LCRDDMJ7RN\">pic.twitter.com\/LCRDDMJ7RN<\/a><\/p>\n<p>\u2014 AMA \u00c1rbitros (@AMArbitros) <a href=\"https:\/\/twitter.com\/AMArbitros\/status\/840760621738143744\">12 de marzo de 2017<\/a><\/p><\/blockquote>\n<p><script async src=\"\/\/platform.twitter.com\/widgets.js\" charset=\"utf-8\"><\/script><\/p>\n<p>S\u00edguenos en Twitter: <a href=\"https:\/\/twitter.com\/MXFutbolTotal\" target=\"_blank\">@MXFutbolTotal<\/a><\/p>\n","protected":false},"excerpt":{"rendered":"<p>Nazarenos confirman que su movimiento es por Triverio y Aguilar; arremeten contra funcionario.<\/p>\n","protected":false},"author":20,"featured_media":468041,"comment_status":"closed","ping_status":"closed","sticky":false,"template":"","format":"standard","meta":[],"categories":[2198,3845],"tags":[1548,7732,1508,64],"_links":{"self":[{"href":"http:\/\/desarrollo.grupomedios.com\/futbol\/wp-json\/wp\/v2\/posts\/468035"}],"collection":[{"href":"http:\/\/desarrollo.grupomedios.com\/futbol\/wp-json\/wp\/v2\/posts"}],"about":[{"href":"http:\/\/desarrollo.grupomedios.com\/futbol\/wp-json\/wp\/v2\/types\/post"}],"author":[{"embeddable":true,"href":"http:\/\/desarrollo.grupomedios.com\/futbol\/wp-json\/wp\/v2\/users\/20"}],"replies":[{"embeddable":true,"href":"http:\/\/desarrollo.grupomedios.com\/futbol\/wp-json\/wp\/v2\/comments?post=468035"}],"version-history":[{"count":0,"href":"http:\/\/desarrollo.grupomedios.com\/futbol\/wp-json\/wp\/v2\/posts\/468035\/revisions"}],"wp:featuredmedia":[{"embeddable":true,"href":"http:\/\/desarrollo.grupomedios.com\/futbol\/wp-json\/wp\/v2\/media\/468041"}],"wp:attachment":[{"href":"http:\/\/desarrollo.grupomedios.com\/futbol\/wp-json\/wp\/v2\/media?parent=468035"}],"wp:term":[{"taxonomy":"category","embeddable":true,"href":"http:\/\/desarrollo.grupomedios.com\/futbol\/wp-json\/wp\/v2\/categories?post=468035"},{"taxonomy":"post_tag","embeddable":true,"href":"http:\/\/desarrollo.grupomedios.com\/futbol\/wp-json\/wp\/v2\/tags?post=468035"}],"curies":[{"name":"wp","href":"https:\/\/api.w.org\/{rel}","templated":true}]}}