{"id":468075,"date":"2017-03-12T09:34:16","date_gmt":"2017-03-12T15:34:16","guid":{"rendered":"https:\/\/www.futboltotal.com.mx\/?p=468075"},"modified":"2017-03-12T09:37:19","modified_gmt":"2017-03-12T15:37:19","slug":"la-real-vela-pierden-derbi-vasco","status":"publish","type":"post","link":"http:\/\/desarrollo.grupomedios.com\/futbol\/futbol-internacional\/la-real-vela-pierden-derbi-vasco\/2017\/03","title":{"rendered":"Carlos Vela y la Real pierden el Derbi vasco"},"content":{"rendered":"<p>El conjunto de la <strong>Real Sociedad<\/strong>, con el atacante mexicano<strong> Carlos Vela<\/strong>, cedi\u00f3 terreno este domingo al caer 0-2 en el derbi vasco contra el Athletic Bilbao.<\/p>\n<p>Triple batacazo recibi\u00f3 el conjunto realista en esta jornada 27 de la Liga de Espa\u00f1a, perdi\u00f3 de local, contra el ac\u00e9rrimo rival y de paso vio c\u00f3mo los \u201cLeones\u201d se le acercaron en la tabla de posiciones en la pelea por puestos de copas europeas.<\/p>\n<p style=\"text-align: center;\"><span style=\"color: #3366ff;\">LEER M\u00c1S: Todas las noticias de futbol internacional<\/span><\/p>\n<p>Fue un cotejo gris para <strong>Vela Garrido<\/strong>, quien trat\u00f3 de encontrar destinatario con sus centros pero la punter\u00eda le fall\u00f3 y en ocasiones para controlar la pelota tuvo problemas. Aun as\u00ed, el estratega Eusebio Sacrist\u00e1n lo mantuvo en el campo todo el partido esperando que hiciera diferencia de un momento a otro.<\/p>\n<p>La Real sufri\u00f3 despu\u00e9s de que el experimentado Xabi Prieto cometi\u00f3 un penal que permiti\u00f3 a la visita adelantarse 1-0 gracias al cobro de Ra\u00fal Garc\u00eda, al minuto 28, para que as\u00ed se fueran ambas escuadras al entretiempo.<\/p>\n<p>En el complemento, <strong>Carlos Vela<\/strong> y compa\u00f1\u00eda salieron con mayor determinaci\u00f3n pero eso no les alcanz\u00f3, el propio atacante mexicano tuvo una ocasi\u00f3n de peligro en los primeros instantes del segundo episodio, pero el bal\u00f3n se fue desviado.<\/p>\n<p>El 2-0 definitivo fue obra de I\u00f1aki Williams (56), quien aprovech\u00f3 un mal pase del atacante local Odriozola para quedar de frente al portero argentino Ger\u00f3nimo Rulli para guardar el bal\u00f3n en el fondo de las redes.<\/p>\n<p>De este modo, la <strong>Real Sociedad<\/strong> se qued\u00f3 en 48 unidades y en esta jornada todav\u00eda dormir\u00e1n en puestos de copas europeas, aunque la opci\u00f3n de Champions League se alej\u00f3 un poco m\u00e1s.<\/p>\n<p>Mientras que el Athletic acumul\u00f3 44 puntos y regres\u00f3 al triunfo en condici\u00f3n de visitante, algo que no hac\u00eda desde septiembre contra Granada.<\/p>\n<p>S\u00edguenos en Twitter: <a href=\"https:\/\/twitter.com\/MXFutbolTotal\" target=\"_blank\">@MXFutbolTotal<\/a><\/p>\n","protected":false},"excerpt":{"rendered":"<p>El delantero mexicano fue titular pero tuvo un partido gris en Anoeta.<\/p>\n","protected":false},"author":20,"featured_media":468084,"comment_status":"closed","ping_status":"closed","sticky":false,"template":"","format":"standard","meta":[],"categories":[3839,3844],"tags":[6048,102],"_links":{"self":[{"href":"http:\/\/desarrollo.grupomedios.com\/futbol\/wp-json\/wp\/v2\/posts\/468075"}],"collection":[{"href":"http:\/\/desarrollo.grupomedios.com\/futbol\/wp-json\/wp\/v2\/posts"}],"about":[{"href":"http:\/\/desarrollo.grupomedios.com\/futbol\/wp-json\/wp\/v2\/types\/post"}],"author":[{"embeddable":true,"href":"http:\/\/desarrollo.grupomedios.com\/futbol\/wp-json\/wp\/v2\/users\/20"}],"replies":[{"embeddable":true,"href":"http:\/\/desarrollo.grupomedios.com\/futbol\/wp-json\/wp\/v2\/comments?post=468075"}],"version-history":[{"count":0,"href":"http:\/\/desarrollo.grupomedios.com\/futbol\/wp-json\/wp\/v2\/posts\/468075\/revisions"}],"wp:featuredmedia":[{"embeddable":true,"href":"http:\/\/desarrollo.grupomedios.com\/futbol\/wp-json\/wp\/v2\/media\/468084"}],"wp:attachment":[{"href":"http:\/\/desarrollo.grupomedios.com\/futbol\/wp-json\/wp\/v2\/media?parent=468075"}],"wp:term":[{"taxonomy":"category","embeddable":true,"href":"http:\/\/desarrollo.grupomedios.com\/futbol\/wp-json\/wp\/v2\/categories?post=468075"},{"taxonomy":"post_tag","embeddable":true,"href":"http:\/\/desarrollo.grupomedios.com\/futbol\/wp-json\/wp\/v2\/tags?post=468075"}],"curies":[{"name":"wp","href":"https:\/\/api.w.org\/{rel}","templated":true}]}}