{"id":468201,"date":"2017-03-12T16:35:42","date_gmt":"2017-03-12T22:35:42","guid":{"rendered":"https:\/\/www.futboltotal.com.mx\/?p=468201"},"modified":"2017-03-12T16:35:42","modified_gmt":"2017-03-12T22:35:42","slug":"los-rayos-si-tuvieron-actividad-este-domingo","status":"publish","type":"post","link":"http:\/\/desarrollo.grupomedios.com\/futbol\/futbol-mexicano\/los-rayos-si-tuvieron-actividad-este-domingo\/2017\/03","title":{"rendered":"Los Rayos si tuvieron &#8216;actividad&#8217; este domingo"},"content":{"rendered":"<p>A trav\u00e9s de la cuenta oficial de twitter del <strong>Necaxa<\/strong>, el club decidi\u00f3 seguir con las constantes bromas que han tenido algunos equipos devido a la huelga arbitral y la suspensi\u00f3n de la jornada 10.<\/p>\n<p>Con una imagen del clima en Aguascalientes, <strong>Necaxa<\/strong> decidi\u00f3 poner en un tuit, &#8220;Parece que este domingo si tenemos actividad de los Rayos <s>#<\/s>MiFinDeSemanaSinNecaxa&#8221;.<\/p>\n<p style=\"text-align: center;\"><span style=\"color: #0000ff;\"><a style=\"color: #0000ff;\" href=\"https:\/\/www.futboltotal.com.mx\/2017\/03\/aficionados-del-necaxa-se-reunen-en-angel\/\" target=\"_blank\">LEER M\u00c1S: Aficionados del Necaxa se re\u00fanen en el \u00c1ngel<\/a><\/span><\/p>\n<blockquote class=\"twitter-tweet\" data-lang=\"es\">\n<p dir=\"ltr\" lang=\"es\">Parece que este domingo si tenemos actividad de los Rayos <a href=\"https:\/\/twitter.com\/hashtag\/MiFinDeSemanaSinNecaxa?src=hash\">#MiFinDeSemanaSinNecaxa<\/a> <a href=\"https:\/\/t.co\/BqEpNnSOtH\">pic.twitter.com\/BqEpNnSOtH<\/a><\/p>\n<p>\u2014 Club Necaxa \u26a1 (@ClubNecaxa) <a href=\"https:\/\/twitter.com\/ClubNecaxa\/status\/840960102731522048\">12 de marzo de 2017<\/a><\/p><\/blockquote>\n<p><script async src=\"\/\/platform.twitter.com\/widgets.js\" charset=\"utf-8\"><\/script><\/p>\n<p>Pero esta no fue la imagen relacionada al paro, pues el s\u00e1bado por la ma\u00f1ana mostraron su tristeza ante la decisi\u00f3n de los \u00e1rbitros,<\/p>\n<p>&nbsp;<\/p>\n<blockquote class=\"twitter-tweet\" data-lang=\"es\">\n<p dir=\"ltr\" lang=\"es\">A d\u00f3nde quiera que miro, veo futbol <a href=\"https:\/\/twitter.com\/hashtag\/MiFinDeSemanaSinNecaxa?src=hash\">#MiFinDeSemanaSinNecaxa<\/a> <a href=\"https:\/\/t.co\/nYkiBNp3hV\">pic.twitter.com\/nYkiBNp3hV<\/a><\/p>\n<p>\u2014 Club Necaxa \u26a1 (@ClubNecaxa) <a href=\"https:\/\/twitter.com\/ClubNecaxa\/status\/840954437308932096\">12 de marzo de 2017<\/a><\/p><\/blockquote>\n<p><script async src=\"\/\/platform.twitter.com\/widgets.js\" charset=\"utf-8\"><\/script><\/p>\n<p>S\u00edguenos en Twitter: <a href=\"https:\/\/twitter.com\/MXFutbolTotal\" target=\"_blank\">@MXFutbolTotal<\/a><\/p>\n","protected":false},"excerpt":{"rendered":"<p>Necaxa se tom\u00f3 con humor el paro de la Liga. <\/p>\n","protected":false},"author":20,"featured_media":468203,"comment_status":"closed","ping_status":"closed","sticky":false,"template":"","format":"standard","meta":[],"categories":[5419,2198,3845],"tags":[64,261],"_links":{"self":[{"href":"http:\/\/desarrollo.grupomedios.com\/futbol\/wp-json\/wp\/v2\/posts\/468201"}],"collection":[{"href":"http:\/\/desarrollo.grupomedios.com\/futbol\/wp-json\/wp\/v2\/posts"}],"about":[{"href":"http:\/\/desarrollo.grupomedios.com\/futbol\/wp-json\/wp\/v2\/types\/post"}],"author":[{"embeddable":true,"href":"http:\/\/desarrollo.grupomedios.com\/futbol\/wp-json\/wp\/v2\/users\/20"}],"replies":[{"embeddable":true,"href":"http:\/\/desarrollo.grupomedios.com\/futbol\/wp-json\/wp\/v2\/comments?post=468201"}],"version-history":[{"count":0,"href":"http:\/\/desarrollo.grupomedios.com\/futbol\/wp-json\/wp\/v2\/posts\/468201\/revisions"}],"wp:featuredmedia":[{"embeddable":true,"href":"http:\/\/desarrollo.grupomedios.com\/futbol\/wp-json\/wp\/v2\/media\/468203"}],"wp:attachment":[{"href":"http:\/\/desarrollo.grupomedios.com\/futbol\/wp-json\/wp\/v2\/media?parent=468201"}],"wp:term":[{"taxonomy":"category","embeddable":true,"href":"http:\/\/desarrollo.grupomedios.com\/futbol\/wp-json\/wp\/v2\/categories?post=468201"},{"taxonomy":"post_tag","embeddable":true,"href":"http:\/\/desarrollo.grupomedios.com\/futbol\/wp-json\/wp\/v2\/tags?post=468201"}],"curies":[{"name":"wp","href":"https:\/\/api.w.org\/{rel}","templated":true}]}}