{"id":468207,"date":"2017-03-12T17:02:07","date_gmt":"2017-03-12T23:02:07","guid":{"rendered":"https:\/\/www.futboltotal.com.mx\/?p=468207"},"modified":"2017-03-12T17:03:20","modified_gmt":"2017-03-12T23:03:20","slug":"gullit-pena-se-entero-del-paron-la-liga-mx","status":"publish","type":"post","link":"http:\/\/desarrollo.grupomedios.com\/futbol\/futbol-mexicano\/gullit-pena-se-entero-del-paron-la-liga-mx\/2017\/03","title":{"rendered":"&#8216;Gullit&#8217; Pe\u00f1a no se enter\u00f3 del par\u00f3n de la Liga MX"},"content":{"rendered":"<p>Una vez m\u00e1s el jugador de <strong>Le\u00f3n<\/strong> dio de que hablar, pues durante este fin de semana el tema del que m\u00e1s se habla es del par\u00f3n de la Liga MX; sin embargo esta noticia parece que no lleg\u00f3 a <strong>Carlos Pe\u00f1a.<\/strong><\/p>\n<p>A trav\u00e9s de su cuenta de Facebook, <strong><em>Gullit<\/em> Pe\u00f1a<\/strong> public\u00f3 una imagen de apoyo para el duelo que jugar\u00edan hoy ante Chiapas. Esto fue sin duda motivo de burla, pues al parecer el futbolista no se enter\u00f3 que no habr\u00eda juego.<\/p>\n<p style=\"text-align: center;\"><a href=\"https:\/\/www.futboltotal.com.mx\/2017\/03\/los-rayos-si-tuvieron-actividad-este-domingo\/\" target=\"_blank\">LEER M\u00c1S: Los Rayos si tuvieron &#8216;actividad&#8217; este domingo,<\/a><\/p>\n<p><a href=\"https:\/\/www.futboltotal.com.mx\/wp-content\/uploads\/2017\/03\/14893476164726.jpg\"><img decoding=\"async\" loading=\"lazy\" class=\"alignnone size-full wp-image-468209\" src=\"https:\/\/www.futboltotal.com.mx\/wp-content\/uploads\/2017\/03\/14893476164726.jpg\" alt=\"&#8216;Gullit&#8217; Pe\u00f1a no se enter\u00f3 del par\u00f3n de la Liga MX 0\" srcset=\"http:\/\/desarrollo.grupomedios.com\/futbol\/wp-content\/uploads\/2017\/03\/14893476164726.jpg 694w, http:\/\/desarrollo.grupomedios.com\/futbol\/wp-content\/uploads\/2017\/03\/14893476164726-217x300.jpg 217w\" sizes=\"(max-width: 694px) 100vw, 694px\" \/><\/a><\/p>\n<p>Los seguidores comenzaron a bromear sobre su estado de ebriedad, mis en el que ya se la ha visto involucrado al <strong><em>Gullit.<\/em><\/strong> Minutos m\u00e1s tarde la publicaci\u00f3n fue eliminada.<\/p>\n<p><a href=\"https:\/\/www.futboltotal.com.mx\/wp-content\/uploads\/2017\/03\/14893439961430.jpg\"><img decoding=\"async\" loading=\"lazy\" class=\"alignnone size-full wp-image-468210\" src=\"https:\/\/www.futboltotal.com.mx\/wp-content\/uploads\/2017\/03\/14893439961430.jpg\" alt=\"&#8216;Gullit&#8217; Pe\u00f1a no se enter\u00f3 del par\u00f3n de la Liga MX 1\" srcset=\"http:\/\/desarrollo.grupomedios.com\/futbol\/wp-content\/uploads\/2017\/03\/14893439961430.jpg 474w, http:\/\/desarrollo.grupomedios.com\/futbol\/wp-content\/uploads\/2017\/03\/14893439961430-300x275.jpg 300w\" sizes=\"(max-width: 474px) 100vw, 474px\" \/><\/a><\/p>\n","protected":false},"excerpt":{"rendered":"<p>Gullit volvi\u00f3 a ser motivo de burlas en redes sociales. <\/p>\n","protected":false},"author":20,"featured_media":468214,"comment_status":"closed","ping_status":"closed","sticky":false,"template":"","format":"standard","meta":[],"categories":[5419,2198,3845],"tags":[1754,5965],"_links":{"self":[{"href":"http:\/\/desarrollo.grupomedios.com\/futbol\/wp-json\/wp\/v2\/posts\/468207"}],"collection":[{"href":"http:\/\/desarrollo.grupomedios.com\/futbol\/wp-json\/wp\/v2\/posts"}],"about":[{"href":"http:\/\/desarrollo.grupomedios.com\/futbol\/wp-json\/wp\/v2\/types\/post"}],"author":[{"embeddable":true,"href":"http:\/\/desarrollo.grupomedios.com\/futbol\/wp-json\/wp\/v2\/users\/20"}],"replies":[{"embeddable":true,"href":"http:\/\/desarrollo.grupomedios.com\/futbol\/wp-json\/wp\/v2\/comments?post=468207"}],"version-history":[{"count":0,"href":"http:\/\/desarrollo.grupomedios.com\/futbol\/wp-json\/wp\/v2\/posts\/468207\/revisions"}],"wp:featuredmedia":[{"embeddable":true,"href":"http:\/\/desarrollo.grupomedios.com\/futbol\/wp-json\/wp\/v2\/media\/468214"}],"wp:attachment":[{"href":"http:\/\/desarrollo.grupomedios.com\/futbol\/wp-json\/wp\/v2\/media?parent=468207"}],"wp:term":[{"taxonomy":"category","embeddable":true,"href":"http:\/\/desarrollo.grupomedios.com\/futbol\/wp-json\/wp\/v2\/categories?post=468207"},{"taxonomy":"post_tag","embeddable":true,"href":"http:\/\/desarrollo.grupomedios.com\/futbol\/wp-json\/wp\/v2\/tags?post=468207"}],"curies":[{"name":"wp","href":"https:\/\/api.w.org\/{rel}","templated":true}]}}