{"id":468213,"date":"2017-03-12T17:24:52","date_gmt":"2017-03-12T23:24:52","guid":{"rendered":"https:\/\/www.futboltotal.com.mx\/?p=468213"},"modified":"2017-03-12T17:27:25","modified_gmt":"2017-03-12T23:27:25","slug":"jona-villarreal-mantienen-sueno-europeo","status":"publish","type":"post","link":"http:\/\/desarrollo.grupomedios.com\/futbol\/futbol-internacional\/jona-villarreal-mantienen-sueno-europeo\/2017\/03","title":{"rendered":"Jona y el Villarreal mantienen el sue\u00f1o europeo"},"content":{"rendered":"<p>Con el mediocampista <strong>Jonathan dos Santos<\/strong>, el <strong>Villarreal<\/strong> sac\u00f3 una importante victoria 1-0 este domingo en su visita contra Celta de Vigo y sigue so\u00f1ando con amarrar un billete \u00a0a la Champions League.<\/p>\n<p>El <em>Submarino Amarillo<\/em> se ubic\u00f3 en el quinto pelda\u00f1o de la clasificaci\u00f3n y si bien por ahora jugar\u00eda la Liga Europea, el deseo de estar en la pr\u00f3xima Liga de Campeones de Europa est\u00e1 firme, pues van los primeros cuatro puestos de la Liga espa\u00f1ola.<\/p>\n<p style=\"text-align: center;\"><span style=\"color: #3366ff;\">LEER M\u00c1S: Todas las noticias de futbol internacional<\/span><\/p>\n<blockquote class=\"twitter-tweet\" data-lang=\"es\">\n<p dir=\"ltr\" lang=\"es\">Os dejamos un galer\u00eda del <a href=\"https:\/\/twitter.com\/hashtag\/CeltaVillarreal?src=hash\">#CeltaVillarreal<\/a>, que se ha saldado con un triunfo por 0-1 del conjunto de Fran Escrib\u00e1. \u00a1A disfrutarla &#x1f4f8;! <a href=\"https:\/\/t.co\/diiIvnPGJm\">pic.twitter.com\/diiIvnPGJm<\/a><\/p>\n<p>\u2014 Villarreal CF (@VillarrealCF) <a href=\"https:\/\/twitter.com\/VillarrealCF\/status\/841032905136701441\">12 de marzo de 2017<\/a><\/p><\/blockquote>\n<p><script async src=\"\/\/platform.twitter.com\/widgets.js\" charset=\"utf-8\"><\/script><\/p>\n<p>Este domingo el conjunto dirigido por Fran Escrib\u00e1 tuvo pocas ocasiones de gol, pero supo aprovecharse de una para adelantarse en el marcador y conseguir la m\u00ednima diferencia, la cual supo aguantar en la parte complementaria frente al Celta que se hizo del bal\u00f3n, pero le falt\u00f3 claridad.<\/p>\n<p>En la \u00faltima jugada del primer lapso, el mediocampista mexicano Jonathan dos Santos cobr\u00f3 una falta, el bal\u00f3n fue rematado por Mateo Musacchio y el jugador del Celta, Facundo Roncaglia se interpuso para dejarle la pelota a Roberto Soldado, quien no perdon\u00f3 para el 1-0, al minuto 44.<\/p>\n<p>El capitalino Dos Santos Ram\u00edrez disput\u00f3 todo el encuentro de buena forma, regres\u00f3 al once inicial y vio el cart\u00f3n preventivo a los 84 minutos cuando el Villarreal pr\u00e1cticamente se colgaba de su meta para defender el triunfo.<\/p>\n<p>El cuadro de Castell\u00f3n lleg\u00f3 a 48 unidades y su sue\u00f1o de Champions lo tienen su poder el Atl\u00e9tico de Madrid que cuenta con 52, as\u00ed que se vislumbra un cierre de Liga de Espa\u00f1a muy disputado. Real Sociedad perdi\u00f3 en el cl\u00e1sico vasco, tambi\u00e9n cuenta con 48 puntos.<\/p>\n<p>Celta ya se qued\u00f3 rezagado con 35 unidades al caer en la cancha del estadio de Bala\u00eddos, en lo que era una oportunidad para recortar distancias con los sitios de arriba.<\/p>\n<p>S\u00edguenos en Twitter: <a href=\"https:\/\/twitter.com\/MXFutbolTotal\" target=\"_blank\">@MXFutbolTotal<\/a><\/p>\n","protected":false},"excerpt":{"rendered":"<p>El mexicano particip\u00f3 en la jugada del gol que dio el triunfo al Submarino.<\/p>\n","protected":false},"author":20,"featured_media":468223,"comment_status":"closed","ping_status":"closed","sticky":false,"template":"","format":"standard","meta":[],"categories":[3839,3844,6718],"tags":[48,2607],"_links":{"self":[{"href":"http:\/\/desarrollo.grupomedios.com\/futbol\/wp-json\/wp\/v2\/posts\/468213"}],"collection":[{"href":"http:\/\/desarrollo.grupomedios.com\/futbol\/wp-json\/wp\/v2\/posts"}],"about":[{"href":"http:\/\/desarrollo.grupomedios.com\/futbol\/wp-json\/wp\/v2\/types\/post"}],"author":[{"embeddable":true,"href":"http:\/\/desarrollo.grupomedios.com\/futbol\/wp-json\/wp\/v2\/users\/20"}],"replies":[{"embeddable":true,"href":"http:\/\/desarrollo.grupomedios.com\/futbol\/wp-json\/wp\/v2\/comments?post=468213"}],"version-history":[{"count":0,"href":"http:\/\/desarrollo.grupomedios.com\/futbol\/wp-json\/wp\/v2\/posts\/468213\/revisions"}],"wp:featuredmedia":[{"embeddable":true,"href":"http:\/\/desarrollo.grupomedios.com\/futbol\/wp-json\/wp\/v2\/media\/468223"}],"wp:attachment":[{"href":"http:\/\/desarrollo.grupomedios.com\/futbol\/wp-json\/wp\/v2\/media?parent=468213"}],"wp:term":[{"taxonomy":"category","embeddable":true,"href":"http:\/\/desarrollo.grupomedios.com\/futbol\/wp-json\/wp\/v2\/categories?post=468213"},{"taxonomy":"post_tag","embeddable":true,"href":"http:\/\/desarrollo.grupomedios.com\/futbol\/wp-json\/wp\/v2\/tags?post=468213"}],"curies":[{"name":"wp","href":"https:\/\/api.w.org\/{rel}","templated":true}]}}