{"id":468217,"date":"2017-03-12T17:19:11","date_gmt":"2017-03-12T23:19:11","guid":{"rendered":"https:\/\/www.futboltotal.com.mx\/?p=468217"},"modified":"2017-03-12T17:19:47","modified_gmt":"2017-03-12T23:19:47","slug":"comision-arbitros-apela-sanciones-triverio-aguilar","status":"publish","type":"post","link":"http:\/\/desarrollo.grupomedios.com\/futbol\/destacado-home\/comision-arbitros-apela-sanciones-triverio-aguilar\/2017\/03","title":{"rendered":"Comisi\u00f3n de \u00e1rbitros apela sanciones de Triverio y Aguilar"},"content":{"rendered":"<p>Tras la reuni\u00f3n de due\u00f1os que hubo este domingo alrededor de las 14:00 hrs en donde se hablar\u00eda sobre lo sucedido con el par\u00f3n de la jornada 10. La <strong>Federaci\u00f3n Mexicana de Futbol<\/strong> y la <strong>Comisi\u00f3n de Apelaciones<\/strong> recibieron una notificaci\u00f3n por parte de la Comisi\u00f3n de Arbitraje para apelar las sanciones impuestas a los futbolistas <strong>Enrique Triverio y Pablo Aguilar.<\/strong><\/p>\n<p>Las agresiones a los \u00e1rbitros, por parte de ambos futbolistas, fueron el motivo principal de la huelga de los silbantes para esta jornada 10, pues consideraron que no se castig\u00f3 de acuerdo a lo que estipula el reglamento.<\/p>\n<p style=\"text-align: center;\"><span style=\"color: #0000ff;\"><a style=\"color: #0000ff;\" href=\"https:\/\/www.futboltotal.com.mx\/2017\/03\/cuartos-copa-mx-estan-en-peligro-jugarse\/\" target=\"_blank\">LEER M\u00c1S: Cuartos de Copa MX est\u00e1n en peligro de no jugarse<\/a><\/span><\/p>\n<p>Por medio de un comunicado dieron a conocer esta informaci\u00f3n.<\/p>\n<blockquote><p>&#8220;La Comisi\u00f3n de Apelaciones de la Federaci\u00f3n Mexicana de F\u00fatbol informa que la Comisi\u00f3n de \u00c1rbitros apel\u00f3 las sanciones impuestas por la Comisi\u00f3n Disciplinaria el pasado viernes 10 de marzo a los jugadores Enrique Triverio del Club Toluca y Pablo Aguilar del Club Am\u00e9rica.&#8221;<\/p><\/blockquote>\n<p>&nbsp;<\/p>\n<blockquote class=\"twitter-tweet\" data-lang=\"es\">\n<p dir=\"ltr\" lang=\"es\">Se Recibieron Apelaciones por las Sanciones a Triverio y Aguilar <a href=\"https:\/\/t.co\/xwzIgGg0ml\">https:\/\/t.co\/xwzIgGg0ml<\/a><\/p>\n<p>\u2014 FEMEXFUT (@FMF) <a href=\"https:\/\/twitter.com\/FMF\/status\/841061504002732032\">12 de marzo de 2017<\/a><\/p><\/blockquote>\n<p><script async src=\"\/\/platform.twitter.com\/widgets.js\" charset=\"utf-8\"><\/script><\/p>\n<p>Se espera que en las pr\u00f3ximas horas o el d\u00eda de ma\u00f1ana se de a conocer la decisi\u00f3n que tom\u00f3 la Comisi\u00f3n Disciplinaria para saber si se podr\u00e1 reanudar la Copa MX.<\/p>\n<p>S\u00edguenos en Twitter: <a href=\"https:\/\/twitter.com\/MXFutbolTotal\" target=\"_blank\">@MXFutbolTotal<\/a><\/p>\n","protected":false},"excerpt":{"rendered":"<p>La Comisi\u00f3n de Apelaciones analizar\u00e1 los castigos impuestos a ambos futbolistas.<\/p>\n","protected":false},"author":20,"featured_media":468219,"comment_status":"closed","ping_status":"closed","sticky":false,"template":"","format":"standard","meta":[],"categories":[5,2198,3845],"tags":[1081,64],"_links":{"self":[{"href":"http:\/\/desarrollo.grupomedios.com\/futbol\/wp-json\/wp\/v2\/posts\/468217"}],"collection":[{"href":"http:\/\/desarrollo.grupomedios.com\/futbol\/wp-json\/wp\/v2\/posts"}],"about":[{"href":"http:\/\/desarrollo.grupomedios.com\/futbol\/wp-json\/wp\/v2\/types\/post"}],"author":[{"embeddable":true,"href":"http:\/\/desarrollo.grupomedios.com\/futbol\/wp-json\/wp\/v2\/users\/20"}],"replies":[{"embeddable":true,"href":"http:\/\/desarrollo.grupomedios.com\/futbol\/wp-json\/wp\/v2\/comments?post=468217"}],"version-history":[{"count":0,"href":"http:\/\/desarrollo.grupomedios.com\/futbol\/wp-json\/wp\/v2\/posts\/468217\/revisions"}],"wp:featuredmedia":[{"embeddable":true,"href":"http:\/\/desarrollo.grupomedios.com\/futbol\/wp-json\/wp\/v2\/media\/468219"}],"wp:attachment":[{"href":"http:\/\/desarrollo.grupomedios.com\/futbol\/wp-json\/wp\/v2\/media?parent=468217"}],"wp:term":[{"taxonomy":"category","embeddable":true,"href":"http:\/\/desarrollo.grupomedios.com\/futbol\/wp-json\/wp\/v2\/categories?post=468217"},{"taxonomy":"post_tag","embeddable":true,"href":"http:\/\/desarrollo.grupomedios.com\/futbol\/wp-json\/wp\/v2\/tags?post=468217"}],"curies":[{"name":"wp","href":"https:\/\/api.w.org\/{rel}","templated":true}]}}