{"id":468245,"date":"2017-03-13T10:03:39","date_gmt":"2017-03-13T16:03:39","guid":{"rendered":"https:\/\/www.futboltotal.com.mx\/?p=468245"},"modified":"2017-03-13T10:04:04","modified_gmt":"2017-03-13T16:04:04","slug":"america-da-respaldo-total-a-pablo-aguilar","status":"publish","type":"post","link":"http:\/\/desarrollo.grupomedios.com\/futbol\/destacado-home\/america-da-respaldo-total-a-pablo-aguilar\/2017\/03","title":{"rendered":"Am\u00e9rica da respaldo total a Pablo Aguilar"},"content":{"rendered":"<p>El defensa central <strong>Pablo Aguilar<\/strong> tiene el apoyo total de la directiva del club <strong>Am\u00e9rica<\/strong> y la directiva <em>azulcrema<\/em>\u00a0recurrir\u00e1 hasta las \u00faltimas instancias para evitar que el paraguayo sea castigado con una sanci\u00f3n mayor a la de 10 partidos, tras intentar agredir al \u00e1rbitro Fernando Hern\u00e1ndez G\u00f3mez y ser sancionado por la Comisi\u00f3n Disciplinaria.<\/p>\n<p>En caso de ser necesario, el Am\u00e9rica no descarta acudir al TAS y presentar un recurso para apelar la posible sanci\u00f3n de hasta un a\u00f1o que podr\u00eda recibir Aguilar, despu\u00e9s de que la noche de este domingo la Liga MX confirm\u00f3 que <a href=\"https:\/\/www.futboltotal.com.mx\/2017\/03\/comision-arbitros-apela-sanciones-triverio-aguilar\/\">la Asociaci\u00f3n Mexicana de \u00c1rbitros apel\u00f3 el castigo del paraguayo y tambi\u00e9n del delantero del Toluca, Enrique Triverio. <\/a><\/p>\n<p style=\"text-align: center;\"><a href=\"https:\/\/www.futboltotal.com.mx\/2017\/03\/salen-los-duenos-en-silencio-se-reanudara-la-liga-mx\/\">LEER M\u00c1S: \u00bfSe reanuda la Liga MX?<\/a><\/p>\n<p>En Am\u00e9rica hay plena conciencia de que Aguilar solo cometi\u00f3 un &#8220;intento de agresi\u00f3n&#8221; y, pese a que debe ser castigada como lo marca el reglamento, nunca golpe\u00f3 con un cabezazo al nazareno como para que sea inhabilitado por un a\u00f1o.<\/p>\n<p>El respaldo del club Am\u00e9rica es tal que incluso, en caso de que s\u00ed reciba una sanci\u00f3n mayor a seis meses, no piensa rescindir el contrato que el paraguayo tiene hasta 2019 con el club. Lo \u00fanico que har\u00edan las <em>\u00c1guilas\u00a0<\/em>es no registrarlo en la plantilla y solo buscar\u00edan otro refuerzo para que supla la baja del guaran\u00ed, seg\u00fan informa este lunes el diario <em>R\u00e9cord<\/em>.<\/p>\n<p>Asimismo el rotativo apunta que el entorno del jugador se\u00f1al\u00f3 que Aguilar tiene &#8220;arrepentimiento y preocupaci\u00f3n&#8221; y esta consciente de las repercusiones que podr\u00eda sufrir por haber perdido la cabeza en el duelo de Copa MX ante Tijuana.<\/p>\n<p><strong>S\u00edguenos en Twitter: <a href=\"https:\/\/twitter.com\/MXFutbolTotal\" target=\"_blank\">@MXFutbolTotal<\/a><\/strong><\/p>\n","protected":false},"excerpt":{"rendered":"<p>El club no piensa rescindir el contrato del jugador; incluso si es inhabilitado por un a\u00f1o.<\/p>\n","protected":false},"author":20,"featured_media":468250,"comment_status":"closed","ping_status":"closed","sticky":false,"template":"","format":"standard","meta":[],"categories":[5,2198,3845],"tags":[5959,994],"_links":{"self":[{"href":"http:\/\/desarrollo.grupomedios.com\/futbol\/wp-json\/wp\/v2\/posts\/468245"}],"collection":[{"href":"http:\/\/desarrollo.grupomedios.com\/futbol\/wp-json\/wp\/v2\/posts"}],"about":[{"href":"http:\/\/desarrollo.grupomedios.com\/futbol\/wp-json\/wp\/v2\/types\/post"}],"author":[{"embeddable":true,"href":"http:\/\/desarrollo.grupomedios.com\/futbol\/wp-json\/wp\/v2\/users\/20"}],"replies":[{"embeddable":true,"href":"http:\/\/desarrollo.grupomedios.com\/futbol\/wp-json\/wp\/v2\/comments?post=468245"}],"version-history":[{"count":1,"href":"http:\/\/desarrollo.grupomedios.com\/futbol\/wp-json\/wp\/v2\/posts\/468245\/revisions"}],"predecessor-version":[{"id":468316,"href":"http:\/\/desarrollo.grupomedios.com\/futbol\/wp-json\/wp\/v2\/posts\/468245\/revisions\/468316"}],"wp:featuredmedia":[{"embeddable":true,"href":"http:\/\/desarrollo.grupomedios.com\/futbol\/wp-json\/wp\/v2\/media\/468250"}],"wp:attachment":[{"href":"http:\/\/desarrollo.grupomedios.com\/futbol\/wp-json\/wp\/v2\/media?parent=468245"}],"wp:term":[{"taxonomy":"category","embeddable":true,"href":"http:\/\/desarrollo.grupomedios.com\/futbol\/wp-json\/wp\/v2\/categories?post=468245"},{"taxonomy":"post_tag","embeddable":true,"href":"http:\/\/desarrollo.grupomedios.com\/futbol\/wp-json\/wp\/v2\/tags?post=468245"}],"curies":[{"name":"wp","href":"https:\/\/api.w.org\/{rel}","templated":true}]}}