{"id":468274,"date":"2017-03-13T12:30:45","date_gmt":"2017-03-13T18:30:45","guid":{"rendered":"https:\/\/www.futboltotal.com.mx\/?p=468274"},"modified":"2017-03-13T12:30:45","modified_gmt":"2017-03-13T18:30:45","slug":"idolos-del-futbol-mexicano-luis-garcia","status":"publish","type":"post","link":"http:\/\/desarrollo.grupomedios.com\/futbol\/futbol-mexicano\/idolos-del-futbol-mexicano-luis-garcia\/2017\/03","title":{"rendered":"\u00cddolos del futbol mexicano: Luis Garc\u00eda"},"content":{"rendered":"<p><b>Luis Garc\u00eda<\/b>, conocido como el <em>Ni\u00f1o Artillero<\/em>, en sus inicios fue un tremendo goleador de los\u00a0<b>Pumas,<\/b> donde fue campe\u00f3n de Liga y m\u00e1ximo artillero en dos a\u00f1os consecutivos, lo que le vali\u00f3 su traspaso al <b>Atl\u00e9tico de Madrid<\/b> en 1992.<\/p>\n<p>Por ocho a\u00f1os fue referente en el ataque de la Selecci\u00f3n Mexicana; tambi\u00e9n jug\u00f3 para la Real Sociedad y volvi\u00f3 al futbol mexicano para\u00a0vestir las playeras de Am\u00e9rica, Chivas, Atlante, Morelia y Puebla.<\/p>\n<p style=\"text-align: center;\"><a href=\"https:\/\/www.futboltotal.com.mx\/2017\/03\/america-da-respaldo-total-a-pablo-aguilar\/\">VER M\u00c1S: AM\u00c9RICA DA RESPALDO TOTAL A PABLO AGUILAR<\/a><\/p>\n<p>Luego de una etapa como directivo siendo vicepresidente deportivo de Monarcas, hoy es uno de los m\u00e1s destacados comentaristas de la Liga MX.<\/p>\n<p class=\"p1\"><span class=\"s1\">[video_player]https:\/\/player.vimeo.com\/external\/208181812.hd.mp4?s=25e0deb2bf037401aed7f802867153c703e7b0c2&amp;profile_id=119|wide\u00a0[\/video_player]<\/span><\/p>\n<p class=\"p1\" style=\"text-align: center;\"><a href=\"https:\/\/twitter.com\/KICK\">Twitter Kick<\/a> | <a href=\"https:\/\/www.facebook.com\/kick\/\">Facebook Kick<\/a>\u00a0| <a href=\"https:\/\/twitter.com\/ApuntesdeRabona\" target=\"_blank\">Twitter Apuntes de Rabona<\/a> | <a href=\"https:\/\/www.facebook.com\/apuntesderabona\/?fref=ts\" target=\"_blank\">Facebook Apuntes de Rabona<\/a><\/p>\n<p class=\"p1\"><span class=\"s1\"><b>S\u00edguenos en Twitter<\/b>:\u00a0<a href=\"https:\/\/twitter.com\/MXFutbolTotal\"><span class=\"s2\">@MXFutbolTotal<\/span><\/a><\/span><\/p>\n","protected":false},"excerpt":{"rendered":"<p>Ex figura del Tri, jug\u00f3 con clubes como Pumas, Am\u00e9rica y Chivas, as\u00ed como Atl\u00e9tico de Madrid.<\/p>\n","protected":false},"author":20,"featured_media":468283,"comment_status":"closed","ping_status":"closed","sticky":false,"template":"","format":"standard","meta":[],"categories":[7570,2198,3845],"tags":[5959,5960,6007,70,547,85,5967,8328,5969,74,102,409],"_links":{"self":[{"href":"http:\/\/desarrollo.grupomedios.com\/futbol\/wp-json\/wp\/v2\/posts\/468274"}],"collection":[{"href":"http:\/\/desarrollo.grupomedios.com\/futbol\/wp-json\/wp\/v2\/posts"}],"about":[{"href":"http:\/\/desarrollo.grupomedios.com\/futbol\/wp-json\/wp\/v2\/types\/post"}],"author":[{"embeddable":true,"href":"http:\/\/desarrollo.grupomedios.com\/futbol\/wp-json\/wp\/v2\/users\/20"}],"replies":[{"embeddable":true,"href":"http:\/\/desarrollo.grupomedios.com\/futbol\/wp-json\/wp\/v2\/comments?post=468274"}],"version-history":[{"count":1,"href":"http:\/\/desarrollo.grupomedios.com\/futbol\/wp-json\/wp\/v2\/posts\/468274\/revisions"}],"predecessor-version":[{"id":468284,"href":"http:\/\/desarrollo.grupomedios.com\/futbol\/wp-json\/wp\/v2\/posts\/468274\/revisions\/468284"}],"wp:featuredmedia":[{"embeddable":true,"href":"http:\/\/desarrollo.grupomedios.com\/futbol\/wp-json\/wp\/v2\/media\/468283"}],"wp:attachment":[{"href":"http:\/\/desarrollo.grupomedios.com\/futbol\/wp-json\/wp\/v2\/media?parent=468274"}],"wp:term":[{"taxonomy":"category","embeddable":true,"href":"http:\/\/desarrollo.grupomedios.com\/futbol\/wp-json\/wp\/v2\/categories?post=468274"},{"taxonomy":"post_tag","embeddable":true,"href":"http:\/\/desarrollo.grupomedios.com\/futbol\/wp-json\/wp\/v2\/tags?post=468274"}],"curies":[{"name":"wp","href":"https:\/\/api.w.org\/{rel}","templated":true}]}}