{"id":468282,"date":"2017-03-13T12:42:46","date_gmt":"2017-03-13T18:42:46","guid":{"rendered":"https:\/\/www.futboltotal.com.mx\/?p=468282"},"modified":"2017-03-13T16:28:02","modified_gmt":"2017-03-13T22:28:02","slug":"duelo-curioso-buffon-casillas","status":"publish","type":"post","link":"http:\/\/desarrollo.grupomedios.com\/futbol\/videos\/duelo-curioso-buffon-casillas\/2017\/03","title":{"rendered":"El duelo m\u00e1s curioso entre Buffon y Casillas&#8230;"},"content":{"rendered":"<p>Previo al duelo de Vuelta de los Octavos de Final de la UEFA Champions League entre Juventus y Porto, el cuadro <em>bianconeri<\/em>\u00a0confront\u00f3 a las dos leyendas de la porter\u00eda <strong>Gianluigi Buffon<\/strong> e <strong>Iker Casillas<\/strong>, quienes se vieron las caras en peculiar mano a mano que, como era de esperarse, se viraliz\u00f3 en redes sociales.<\/p>\n<p><strong>Buffon<\/strong> y <strong>Casillas\u00a0<\/strong>intercambiaron elogios y adem\u00e1s demostraron que, m\u00e1s que rivales, son buenos amigos y compa\u00f1eros de profesi\u00f3n que no olvidan por completo las veces que han tenido que enfrentarse tanto a nivel de clubes como selecci\u00f3n.<\/p>\n<p style=\"text-align: center;\"><a href=\"https:\/\/www.futboltotal.com.mx\/2017\/03\/layun-tecatito-herrera-confian-en-remontar-a-juventus\/\"><span style=\"color: #3366ff;\">VER M\u00c1S: Los Dragones Aztecas conf\u00edan en la remontada del Porto.\u00a0<\/span><\/a><\/p>\n<div class=\"fb-video\" data-href=\"https:\/\/www.facebook.com\/JuventusEs\/videos\/1623451857670253\/\" data-data-show-text=\"false\">\n<blockquote class=\"fb-xfbml-parse-ignore\" cite=\"https:\/\/www.facebook.com\/JuventusEs\/videos\/1623451857670253\/\"><p><a href=\"https:\/\/www.facebook.com\/JuventusEs\/videos\/1623451857670253\/\">Doble entrevista: Gianluigi Buffon e Iker Casillas<\/a><\/p>\n<p>Cuando dos Leyendas se encuentran&#8230;<\/p>\n<p>Publicado por <a href=\"https:\/\/www.facebook.com\/JuventusEs\/\">Juventus<\/a> en Domingo, 12 de marzo de 2017<\/p><\/blockquote>\n<\/div>\n<p><strong>S\u00edguenos en Twitter: <a href=\"https:\/\/twitter.com\/MXFutbolTotal\" target=\"_blank\">@MXFutbolTotal<\/a><\/strong><\/p>\n","protected":false},"excerpt":{"rendered":"<p>Bromas, revanchas, partidos&#8230; las dos leyendas se enfrentaron en un gran cara a cara.<\/p>\n","protected":false},"author":20,"featured_media":468285,"comment_status":"closed","ping_status":"closed","sticky":false,"template":"","format":"standard","meta":[],"categories":[3841,3839,4],"tags":[8329,6027,6019],"_links":{"self":[{"href":"http:\/\/desarrollo.grupomedios.com\/futbol\/wp-json\/wp\/v2\/posts\/468282"}],"collection":[{"href":"http:\/\/desarrollo.grupomedios.com\/futbol\/wp-json\/wp\/v2\/posts"}],"about":[{"href":"http:\/\/desarrollo.grupomedios.com\/futbol\/wp-json\/wp\/v2\/types\/post"}],"author":[{"embeddable":true,"href":"http:\/\/desarrollo.grupomedios.com\/futbol\/wp-json\/wp\/v2\/users\/20"}],"replies":[{"embeddable":true,"href":"http:\/\/desarrollo.grupomedios.com\/futbol\/wp-json\/wp\/v2\/comments?post=468282"}],"version-history":[{"count":3,"href":"http:\/\/desarrollo.grupomedios.com\/futbol\/wp-json\/wp\/v2\/posts\/468282\/revisions"}],"predecessor-version":[{"id":468359,"href":"http:\/\/desarrollo.grupomedios.com\/futbol\/wp-json\/wp\/v2\/posts\/468282\/revisions\/468359"}],"wp:featuredmedia":[{"embeddable":true,"href":"http:\/\/desarrollo.grupomedios.com\/futbol\/wp-json\/wp\/v2\/media\/468285"}],"wp:attachment":[{"href":"http:\/\/desarrollo.grupomedios.com\/futbol\/wp-json\/wp\/v2\/media?parent=468282"}],"wp:term":[{"taxonomy":"category","embeddable":true,"href":"http:\/\/desarrollo.grupomedios.com\/futbol\/wp-json\/wp\/v2\/categories?post=468282"},{"taxonomy":"post_tag","embeddable":true,"href":"http:\/\/desarrollo.grupomedios.com\/futbol\/wp-json\/wp\/v2\/tags?post=468282"}],"curies":[{"name":"wp","href":"https:\/\/api.w.org\/{rel}","templated":true}]}}