{"id":468289,"date":"2017-03-13T13:11:27","date_gmt":"2017-03-13T19:11:27","guid":{"rendered":"https:\/\/www.futboltotal.com.mx\/?p=468289"},"modified":"2017-03-13T13:11:27","modified_gmt":"2017-03-13T19:11:27","slug":"angel-mena-fidel-martinez-lideran-convocatoria-ecuador","status":"publish","type":"post","link":"http:\/\/desarrollo.grupomedios.com\/futbol\/futbol-internacional\/angel-mena-fidel-martinez-lideran-convocatoria-ecuador\/2017\/03","title":{"rendered":"\u00c1ngel Mena y Fidel Mart\u00ednez lideran convocatoria de Ecuador"},"content":{"rendered":"<p>El seleccionador de <strong>Ecuador<\/strong>, Gustavo Quinteros, convoc\u00f3 hoy a diecis\u00e9is de los ecuatorianos que juegan en el extranjero, cinco de ellos que militan en la Liga MX,, para el partido del pr\u00f3ximo 23 de marzo contra Paraguay por la decimotercera jornada de las eliminatorias sudamericanas del Mundial de Rusia 2018.<\/p>\n<p>Quinteros convoc\u00f3 tambi\u00e9n a ocho de los que juegan en clubes locales. Y afirm\u00f3 que el equipo se entrenar\u00e1 desde el pr\u00f3ximo domingo en Asunci\u00f3n.<\/p>\n<p style=\"text-align: center;\"><a href=\"https:\/\/www.futboltotal.com.mx\/futbol-internacional\/\"><span style=\"color: #3366ff;\">VER M\u00c1S: Todas las noticias de futbol internacional<\/span><\/a><\/p>\n<blockquote><p>&#8220;Reci\u00e9n el martes se tendr\u00e1 el equipo completo, con la llegada de los que militan en Rusia y Grecia, por lo que tendremos solo dos entrenamientos con equipo completo&#8221;.<\/p><\/blockquote>\n<p>Ecuador ocupa el tercer puesto de la clasificaci\u00f3n de las eliminatorias con 20 puntos, fruto de seis triunfos y dos empates, tiene cuatro derrotas, ha anotado 22 goles y ha recibido 16.<\/p>\n<p>&#8211; Lista de los 24 convocados:<\/p>\n<p>Porteros: Alexander Dom\u00ednguez (Monterrey-MEX), Esteban Dreer (Emelec) y M\u00e1ximo Banguera (Barcelona).<\/p>\n<p>Defensas: Juan Carlos Paredes (Olympiakos-GRE), Arturo Mina (River Plate-ARG), Gabriel Achilier (Monarcas Morelia-MEX), Robert Arboleda (Universidad Cat\u00f3lica), Luis Caicedo (Cruzeiro-BRA), Mario Pineida (Barcelona), Walter Ayov\u00ed (Monterrey-MEX) y Cristian Ram\u00edrez (FC Krasnodar-RUS).<\/p>\n<p>Centrocampistas: Pedro Qui\u00f1\u00f3nez (Emelec), Christian Noboa (Rostov-RUS), Jefferson Orejuela (Fluminense-BRA), Antonio Valencia (Manchester United-GBR), Mat\u00edas Oyola (Barcelona) y \u00c1ngel Mena (Cruz Az\u00fal-MEX).<\/p>\n<p>Delanteros: Jefferson Montero (Swansea-GBR), Fidel Mart\u00ednez (Altas de Guadalajara-MEX), Enner Valencia (Everton-GBR), Felipe Caicedo (Espanyol-ESP), Miller Bola\u00f1os (Gremio-BRA), Marcos Caicedo (Barcelona) y Gabriel Cort\u00e9s (Independiente del Valle).<\/p>\n<p><strong>S\u00edguenos en Twitter: <a href=\"https:\/\/twitter.com\/MXFutbolTotal\" target=\"_blank\">@MXFutbolTotal<\/a><\/strong><\/p>\n<p>&nbsp;<\/p>\n","protected":false},"excerpt":{"rendered":"<p>Ser\u00e1n 5 jugadores de la Liga MX los que integren la lista para enfrentar a Paraguay. <\/p>\n","protected":false},"author":20,"featured_media":468290,"comment_status":"closed","ping_status":"closed","sticky":false,"template":"","format":"standard","meta":[],"categories":[3839,5951],"tags":[7749,64,8330],"_links":{"self":[{"href":"http:\/\/desarrollo.grupomedios.com\/futbol\/wp-json\/wp\/v2\/posts\/468289"}],"collection":[{"href":"http:\/\/desarrollo.grupomedios.com\/futbol\/wp-json\/wp\/v2\/posts"}],"about":[{"href":"http:\/\/desarrollo.grupomedios.com\/futbol\/wp-json\/wp\/v2\/types\/post"}],"author":[{"embeddable":true,"href":"http:\/\/desarrollo.grupomedios.com\/futbol\/wp-json\/wp\/v2\/users\/20"}],"replies":[{"embeddable":true,"href":"http:\/\/desarrollo.grupomedios.com\/futbol\/wp-json\/wp\/v2\/comments?post=468289"}],"version-history":[{"count":1,"href":"http:\/\/desarrollo.grupomedios.com\/futbol\/wp-json\/wp\/v2\/posts\/468289\/revisions"}],"predecessor-version":[{"id":468291,"href":"http:\/\/desarrollo.grupomedios.com\/futbol\/wp-json\/wp\/v2\/posts\/468289\/revisions\/468291"}],"wp:featuredmedia":[{"embeddable":true,"href":"http:\/\/desarrollo.grupomedios.com\/futbol\/wp-json\/wp\/v2\/media\/468290"}],"wp:attachment":[{"href":"http:\/\/desarrollo.grupomedios.com\/futbol\/wp-json\/wp\/v2\/media?parent=468289"}],"wp:term":[{"taxonomy":"category","embeddable":true,"href":"http:\/\/desarrollo.grupomedios.com\/futbol\/wp-json\/wp\/v2\/categories?post=468289"},{"taxonomy":"post_tag","embeddable":true,"href":"http:\/\/desarrollo.grupomedios.com\/futbol\/wp-json\/wp\/v2\/tags?post=468289"}],"curies":[{"name":"wp","href":"https:\/\/api.w.org\/{rel}","templated":true}]}}