{"id":468340,"date":"2017-03-13T15:32:14","date_gmt":"2017-03-13T21:32:14","guid":{"rendered":"https:\/\/www.futboltotal.com.mx\/?p=468340"},"modified":"2017-03-13T15:32:14","modified_gmt":"2017-03-13T21:32:14","slug":"guido-pizarro-cumple-loca-promesa-con-tigres","status":"publish","type":"post","link":"http:\/\/desarrollo.grupomedios.com\/futbol\/futbol-mexicano\/guido-pizarro-cumple-loca-promesa-con-tigres\/2017\/03","title":{"rendered":"Guido Pizarro cumple loca promesa con Tigres"},"content":{"rendered":"<p>Luego del paro arbitral de la Liga MX el medio de <strong>Tigres<\/strong> aprovech\u00f3 para cumplir una de las promesas que hab\u00eda hecho en la Final del Apertura 2016 ante Am\u00e9rica, misma que gan\u00f3 su equipo en tanda de penales.<\/p>\n<p><strong>Guido Pizarro<\/strong> prometi\u00f3 que si Tigres ganaba la final \u00e9l se iba a tatuar la quinta estrella, misma que ser\u00eda su primer tatuaje y con el que quedar\u00eda a mano con la afici\u00f3n.<\/p>\n<p style=\"text-align: center;\"><a href=\"https:\/\/www.futboltotal.com.mx\/2017\/03\/pablo-aguilar-y-enrique-triverio-se-van-suspendidos-un-ano\/\" target=\"_blank\">LEER M\u00c1S: \u00a1Pablo Aguilar y Enrique Triverio s\u00ed se van suspendidos un a\u00f1o!<\/a><\/p>\n<p>Este fin de semana <strong>Pizarro<\/strong> decidi\u00f3 ir a plasmar en su piel el tatuaje que hab\u00eda prometido. De inmediato los subi\u00f3 a redes sociales y Gignac no dud\u00f3 en retwittearlo.<\/p>\n<p>&nbsp;<\/p>\n<blockquote class=\"twitter-tweet\" data-lang=\"es\">\n<p dir=\"ltr\" lang=\"es\">Promesa Cumplida!! &#x1f4aa;&#x1f3fb;<br \/>\nLa 5 \u2b50\ufe0f&#x1f42f;!!<br \/>\nGracias Nicko Tattoo! <a href=\"https:\/\/t.co\/ngtC1Yqv9e\">pic.twitter.com\/ngtC1Yqv9e<\/a><\/p>\n<p>\u2014 Guido Pizarro (@guido19pizarro) <a href=\"https:\/\/twitter.com\/guido19pizarro\/status\/841097739761004544\">13 de marzo de 2017<\/a><\/p><\/blockquote>\n<p><script async src=\"\/\/platform.twitter.com\/widgets.js\" charset=\"utf-8\"><\/script><\/p>\n","protected":false},"excerpt":{"rendered":"<p>El futbolista se lleva un buen recuerdo de la final del Apertura 2016.<\/p>\n","protected":false},"author":20,"featured_media":468342,"comment_status":"closed","ping_status":"closed","sticky":false,"template":"","format":"standard","meta":[],"categories":[5419,2198,3845],"tags":[3991,5973],"_links":{"self":[{"href":"http:\/\/desarrollo.grupomedios.com\/futbol\/wp-json\/wp\/v2\/posts\/468340"}],"collection":[{"href":"http:\/\/desarrollo.grupomedios.com\/futbol\/wp-json\/wp\/v2\/posts"}],"about":[{"href":"http:\/\/desarrollo.grupomedios.com\/futbol\/wp-json\/wp\/v2\/types\/post"}],"author":[{"embeddable":true,"href":"http:\/\/desarrollo.grupomedios.com\/futbol\/wp-json\/wp\/v2\/users\/20"}],"replies":[{"embeddable":true,"href":"http:\/\/desarrollo.grupomedios.com\/futbol\/wp-json\/wp\/v2\/comments?post=468340"}],"version-history":[{"count":1,"href":"http:\/\/desarrollo.grupomedios.com\/futbol\/wp-json\/wp\/v2\/posts\/468340\/revisions"}],"predecessor-version":[{"id":468343,"href":"http:\/\/desarrollo.grupomedios.com\/futbol\/wp-json\/wp\/v2\/posts\/468340\/revisions\/468343"}],"wp:featuredmedia":[{"embeddable":true,"href":"http:\/\/desarrollo.grupomedios.com\/futbol\/wp-json\/wp\/v2\/media\/468342"}],"wp:attachment":[{"href":"http:\/\/desarrollo.grupomedios.com\/futbol\/wp-json\/wp\/v2\/media?parent=468340"}],"wp:term":[{"taxonomy":"category","embeddable":true,"href":"http:\/\/desarrollo.grupomedios.com\/futbol\/wp-json\/wp\/v2\/categories?post=468340"},{"taxonomy":"post_tag","embeddable":true,"href":"http:\/\/desarrollo.grupomedios.com\/futbol\/wp-json\/wp\/v2\/tags?post=468340"}],"curies":[{"name":"wp","href":"https:\/\/api.w.org\/{rel}","templated":true}]}}