{"id":468365,"date":"2017-03-13T17:23:20","date_gmt":"2017-03-13T23:23:20","guid":{"rendered":"https:\/\/www.futboltotal.com.mx\/?p=468365"},"modified":"2017-03-13T17:23:20","modified_gmt":"2017-03-13T23:23:20","slug":"carlos-reinoso-abandona-a-veracruz","status":"publish","type":"post","link":"http:\/\/desarrollo.grupomedios.com\/futbol\/futbol-mexicano\/carlos-reinoso-abandona-a-veracruz\/2017\/03","title":{"rendered":"Carlos Reinoso &#8216;abandona&#8217; a Veracruz"},"content":{"rendered":"<p>El estratega de los <em>Tiburones,<\/em> <strong>Carlos Reinoso<\/strong>, se ha ausentado durante casi una semana debido a un problema de gastritis y\u00a0un problema estomacal que le han impedido ir a entrenar al conjunto de <strong>Veracruz.\u00a0<\/strong><\/p>\n<p>Su hijo <strong>Carlos Reinoso Arriagada,<\/strong> hab\u00eda comentado que esperaba que su padre ya estuviera presente para el juego del pasado viernes, pero debido a la suspensi\u00f3n de la Liga, el <em>maestro<\/em> no acudi\u00f3 al inmueble.<\/p>\n<p style=\"text-align: center;\"><a href=\"https:\/\/www.futboltotal.com.mx\/2017\/03\/oficial-arbitros-volveran-a-pitar-en-liga-mx\/\" target=\"_blank\">LEER M\u00c1S: OFICIAL: \u00a1\u00c1rbitros volver\u00e1n a pitar en la Liga MX!<\/a><\/p>\n<p>Hasta el d\u00eda de hoy, <strong>Reinoso<\/strong> sigue sin acudir a los entrenamientos e incluso no se sabe bien el estado de salud del estratega, pero el club ha seguido entrenando al mismo ritmo para enfrentar al l\u00edder general del Clausura 2017.<\/p>\n<blockquote><p>&#8220;Tenemos algunos cambios que el &#8216;Profe&#8217; no ha venido, todav\u00eda no se sabe nada oficial y mientras no se haga nada oficial nosotros tenemos que seguir trabajando&#8221;, declar\u00f3 Felipe Flores, futbolista de los <em>Tiburones.\u00a0<\/em><\/p><\/blockquote>\n<p>Se espera que en las pr\u00f3ximas horas se de a conocer como se encuentra <strong>Carlos Reinoso<\/strong> y que ya est\u00e9 listo para reaparecer con su equipo el pr\u00f3ximo s\u00e1bado cuando enfrenten a <strong>Chivas<\/strong> en Guadalajara, en la jornada 11 de la Liga MX.<\/p>\n<p>S\u00edguenos en Twitter: <a href=\"https:\/\/twitter.com\/MXFutbolTotal\" target=\"_blank\">@MXFutbolTotal<\/a><\/p>\n","protected":false},"excerpt":{"rendered":"<p>El estratega se ha ausentado de los entrenamientos. <\/p>\n","protected":false},"author":20,"featured_media":468370,"comment_status":"closed","ping_status":"closed","sticky":false,"template":"","format":"standard","meta":[],"categories":[2198,3845],"tags":[4538,6049],"_links":{"self":[{"href":"http:\/\/desarrollo.grupomedios.com\/futbol\/wp-json\/wp\/v2\/posts\/468365"}],"collection":[{"href":"http:\/\/desarrollo.grupomedios.com\/futbol\/wp-json\/wp\/v2\/posts"}],"about":[{"href":"http:\/\/desarrollo.grupomedios.com\/futbol\/wp-json\/wp\/v2\/types\/post"}],"author":[{"embeddable":true,"href":"http:\/\/desarrollo.grupomedios.com\/futbol\/wp-json\/wp\/v2\/users\/20"}],"replies":[{"embeddable":true,"href":"http:\/\/desarrollo.grupomedios.com\/futbol\/wp-json\/wp\/v2\/comments?post=468365"}],"version-history":[{"count":1,"href":"http:\/\/desarrollo.grupomedios.com\/futbol\/wp-json\/wp\/v2\/posts\/468365\/revisions"}],"predecessor-version":[{"id":468371,"href":"http:\/\/desarrollo.grupomedios.com\/futbol\/wp-json\/wp\/v2\/posts\/468365\/revisions\/468371"}],"wp:featuredmedia":[{"embeddable":true,"href":"http:\/\/desarrollo.grupomedios.com\/futbol\/wp-json\/wp\/v2\/media\/468370"}],"wp:attachment":[{"href":"http:\/\/desarrollo.grupomedios.com\/futbol\/wp-json\/wp\/v2\/media?parent=468365"}],"wp:term":[{"taxonomy":"category","embeddable":true,"href":"http:\/\/desarrollo.grupomedios.com\/futbol\/wp-json\/wp\/v2\/categories?post=468365"},{"taxonomy":"post_tag","embeddable":true,"href":"http:\/\/desarrollo.grupomedios.com\/futbol\/wp-json\/wp\/v2\/tags?post=468365"}],"curies":[{"name":"wp","href":"https:\/\/api.w.org\/{rel}","templated":true}]}}