{"id":468374,"date":"2017-03-13T17:45:22","date_gmt":"2017-03-13T23:45:22","guid":{"rendered":"https:\/\/www.futboltotal.com.mx\/?p=468374"},"modified":"2017-03-13T17:45:22","modified_gmt":"2017-03-13T23:45:22","slug":"chicharito-pierde-tremenda-apuesta-cambia-look","status":"publish","type":"post","link":"http:\/\/desarrollo.grupomedios.com\/futbol\/futbol-internacional\/chicharito-pierde-tremenda-apuesta-cambia-look\/2017\/03","title":{"rendered":"Chicharito pierde tremenda apuesta y cambia de look"},"content":{"rendered":"<p><strong>Javier Hern\u00e1ndez<\/strong> acaba de cambiar de look de forma radical debido a una apuesta que realiz\u00f3 para el Super Bowl Ll, en donde el apoyaba a los Falcons de Atlanta y <strong>Sergio Dipp<\/strong>, reportero de <em>ESPN<\/em> a los New England Patriots.<\/p>\n<p>La apuesta consist\u00eda en que el que perdiera se tendr\u00eda que rapar antes de los Cuartos de Final de vuelta de la Champions League y a tan solo un d\u00eda de que esto ocurra, Dipp decidi\u00f3 recordarle a <strong>Chicharito<\/strong> su apuesta.<\/p>\n<p style=\"text-align: center;\"><a href=\"https:\/\/www.futboltotal.com.mx\/2017\/03\/chelsea-elimina-al-manchester-united-fa-cup\/\" target=\"_blank\">LEER M\u00c1S: \u00a1Chelsea elimina al Manchester United de FA Cup!<\/a><\/p>\n<blockquote class=\"twitter-video\" data-lang=\"es\">\n<p dir=\"ltr\" lang=\"es\">Para el Super Bowl 51, apost\u00e9 algo con alguien&#8230;<\/p>\n<p>\u00bfPagar\u00e1?  <a href=\"https:\/\/twitter.com\/hashtag\/Pap%C3%A1EsPap%C3%A1?src=hash\">#Pap\u00e1EsPap\u00e1<\/a> !!! <a href=\"https:\/\/t.co\/mgbnJtSw5b\">pic.twitter.com\/mgbnJtSw5b<\/a><\/p>\n<p>\u2014 Sergio Dipp (@SergioADippW) <a href=\"https:\/\/twitter.com\/SergioADippW\/status\/841426408123559936\">13 de marzo de 2017<\/a><\/p><\/blockquote>\n<p><script async src=\"\/\/platform.twitter.com\/widgets.js\" charset=\"utf-8\"><\/script><\/p>\n<p><strong>Javier<\/strong> no tard\u00f3 en responder y unos minutos despu\u00e9s apareci\u00f3 dando la cara y con la apuesta pagada.<\/p>\n<p>&nbsp;<\/p>\n<blockquote class=\"twitter-video\" data-lang=\"es\">\n<p dir=\"ltr\" lang=\"es\">Jalisco no te rajes\u2026  <a href=\"https:\/\/twitter.com\/SergioADippW\">@SergioADippW<\/a> <a href=\"https:\/\/t.co\/T7pOvEfxps\">https:\/\/t.co\/T7pOvEfxps<\/a> <a href=\"https:\/\/t.co\/mUozS04sc7\">pic.twitter.com\/mUozS04sc7<\/a><\/p>\n<p>\u2014 Chicharito Hernandez (@CH14_) <a href=\"https:\/\/twitter.com\/CH14_\/status\/841427772622925825\">13 de marzo de 2017<\/a><\/p><\/blockquote>\n<p><script async src=\"\/\/platform.twitter.com\/widgets.js\" charset=\"utf-8\"><\/script><\/p>\n<p>S\u00edguenos en Twitter: <a href=\"https:\/\/twitter.com\/MXFutbolTotal\" target=\"_blank\">@MXFutbolTotal<\/a><\/p>\n","protected":false},"excerpt":{"rendered":"<p>Javier tuvo que cambiar su estilo. <\/p>\n","protected":false},"author":20,"featured_media":468375,"comment_status":"closed","ping_status":"closed","sticky":false,"template":"","format":"standard","meta":[],"categories":[5419,3839,6718],"tags":[120,2465],"_links":{"self":[{"href":"http:\/\/desarrollo.grupomedios.com\/futbol\/wp-json\/wp\/v2\/posts\/468374"}],"collection":[{"href":"http:\/\/desarrollo.grupomedios.com\/futbol\/wp-json\/wp\/v2\/posts"}],"about":[{"href":"http:\/\/desarrollo.grupomedios.com\/futbol\/wp-json\/wp\/v2\/types\/post"}],"author":[{"embeddable":true,"href":"http:\/\/desarrollo.grupomedios.com\/futbol\/wp-json\/wp\/v2\/users\/20"}],"replies":[{"embeddable":true,"href":"http:\/\/desarrollo.grupomedios.com\/futbol\/wp-json\/wp\/v2\/comments?post=468374"}],"version-history":[{"count":1,"href":"http:\/\/desarrollo.grupomedios.com\/futbol\/wp-json\/wp\/v2\/posts\/468374\/revisions"}],"predecessor-version":[{"id":468376,"href":"http:\/\/desarrollo.grupomedios.com\/futbol\/wp-json\/wp\/v2\/posts\/468374\/revisions\/468376"}],"wp:featuredmedia":[{"embeddable":true,"href":"http:\/\/desarrollo.grupomedios.com\/futbol\/wp-json\/wp\/v2\/media\/468375"}],"wp:attachment":[{"href":"http:\/\/desarrollo.grupomedios.com\/futbol\/wp-json\/wp\/v2\/media?parent=468374"}],"wp:term":[{"taxonomy":"category","embeddable":true,"href":"http:\/\/desarrollo.grupomedios.com\/futbol\/wp-json\/wp\/v2\/categories?post=468374"},{"taxonomy":"post_tag","embeddable":true,"href":"http:\/\/desarrollo.grupomedios.com\/futbol\/wp-json\/wp\/v2\/tags?post=468374"}],"curies":[{"name":"wp","href":"https:\/\/api.w.org\/{rel}","templated":true}]}}