{"id":468452,"date":"2017-03-14T12:24:33","date_gmt":"2017-03-14T18:24:33","guid":{"rendered":"https:\/\/www.futboltotal.com.mx\/?p=468452"},"modified":"2017-03-14T12:40:35","modified_gmt":"2017-03-14T18:40:35","slug":"portero-brasileno-condenado-homicidio-novia-tiene-nuevo-equipo","status":"publish","type":"post","link":"http:\/\/desarrollo.grupomedios.com\/futbol\/futbol-internacional\/portero-brasileno-condenado-homicidio-novia-tiene-nuevo-equipo\/2017\/03","title":{"rendered":"Portero condenado por homicidio fue presentado por su nuevo club"},"content":{"rendered":"<p>El portero <strong>Bruno Fernandes<\/strong>, excapit\u00e1n del <strong>Flamengo<\/strong> y condenado a 22 a\u00f1os de prisi\u00f3n por el asesinato de su ex novia pero que disfruta actualmente de libertad condicional, dijo que no descarta jugar alg\u00fan d\u00eda con la selecci\u00f3n brasile\u00f1a.<\/p>\n<p>&#8220;Voy a dar aqu\u00ed lo mejor que tengo. Voy a dedicarme. Y voy a dejar que eso se produzca naturalmente&#8221;, afirm\u00f3 el futbolista, de 32 a\u00f1os, en la rueda de prensa que concedi\u00f3 este martes al ser presentado como nuevo jugador del club <strong>Boa Esporte<\/strong> y al ser interrogado sobre si, en libertad condicional, a\u00fan sue\u00f1a con vestir la camisa de la Canarinha.<\/p>\n<p>Bruno fue condenado en 2013 a 22 a\u00f1os y tres meses de prisi\u00f3n por el asesinato y ocultaci\u00f3n del cad\u00e1ver de su amante, aunque sali\u00f3 de la prisi\u00f3n beneficiado por un recurso judicial el pasado 24 de febrero y el \u00faltimo viernes fue anunciado como nuevo guardameta del Boa Esporte, un club de la segunda divisi\u00f3n brasile\u00f1a.<\/p>\n<p>&nbsp;<\/p>\n<blockquote class=\"twitter-tweet\" data-lang=\"es\">\n<p dir=\"ltr\" lang=\"es\">Bruno Fernandes, acusado de asesinar a su pareja, fue presentado con el Boa Esporte, el club ya perdi\u00f3 algunos patrocinadores. <a href=\"https:\/\/t.co\/xQhsUY7aV3\">pic.twitter.com\/xQhsUY7aV3<\/a><\/p>\n<p>\u2014 Javier Alarc\u00f3n (@Javier_Alarcon_) <a href=\"https:\/\/twitter.com\/Javier_Alarcon_\/status\/841715912336121856\">14 de marzo de 2017<\/a><\/p><\/blockquote>\n<p><script async src=\"\/\/platform.twitter.com\/widgets.js\" charset=\"utf-8\"><\/script><br \/>\nAntes de su arresto en 2010 y en su auge como campe\u00f3n brasile\u00f1o de 2009 con el Flamengo, su nombre era citado por la prensa como uno de los posibles convocados por la selecci\u00f3n brasile\u00f1a para el Mundial de Brasil 2014.<\/p>\n<p>Su contrataci\u00f3n como jugador del Boa Esporte tras seis a\u00f1os en prisi\u00f3n ha generado una fuerte pol\u00e9mica, motivado protestas de grupos que combaten el feminicidio y hasta llev\u00f3 a cinco de los patrocinadores del equipo a retirarle su apoyo al club de la ciudad de Varginha, en el suroriental estado de Minas Gerais.<\/p>\n<p>Por esa raz\u00f3n, la rueda de prensa en la que fue presentado como refuerzo del Boa Esporte fue convocada a toda prisa y condicionada a que nadie hiciera preguntas sobre el pasado del futbolista.<\/p>\n<p>Bruno admiti\u00f3 que sabe que ser\u00e1 exigido m\u00e1s que cualquier otro jugador.<\/p>\n<p>&#8220;La responsabilidad ser\u00e1 grande. Si fallo, van a reclamarme. Si me va bien, tambi\u00e9n me reclamar\u00e1n. Dios va a guiar mis pasos. Tengo que confiar en m\u00ed&#8221;, afirm\u00f3 el portero al agradecer la oportunidad que recibi\u00f3 de regresar al f\u00fatbol pese a su situaci\u00f3n.<\/p>\n<p>&#8220;Estoy muy feliz con esta oportunidad. Me estoy preparando hace a\u00f1os. Las personas se alejan de m\u00ed por lo que ocurri\u00f3 en el pasado, pero el Boa Esporte me est\u00e1 abriendo las puertas&#8221;, agreg\u00f3.<\/p>\n<p>En la misma rueda de prensa el presidente del Boa Esporte, Rone Moraes, dijo que no se arrepiente del contrato por dos a\u00f1os que le ofreci\u00f3 al jugador pese a la p\u00e9rdida de patrocinadores y a las protestas de hinchas del club.<\/p>\n<p>El guardameta fue detenido en agosto de 2010, cuando defend\u00eda el Flamengo, el club m\u00e1s popular de Brasil, despu\u00e9s de ser apuntado por la polic\u00eda como principal sospechoso del asesinato de la modelo Eliza Samudio, con quien tuvo un hijo.<\/p>\n<p>Samudio, que reclamaba del futbolista el pago de una pensi\u00f3n para su hijo, desapareci\u00f3 en 2010, a los 25 a\u00f1os, y fue considerada muerta, aunque su cuerpo nunca fue encontrado, en un caso que conmocion\u00f3 Brasil.<\/p>\n<p>En 2013 Bruno fue condenado por homicidio y ocultaci\u00f3n de cad\u00e1ver y permaneci\u00f3 en la c\u00e1rcel hasta el 24 de febrero pasado, cuando dej\u00f3 la prisi\u00f3n con la autorizaci\u00f3n del magistrado de la Corte Suprema Marco Aur\u00e9lio Mello.<\/p>\n<p>El magistrado aleg\u00f3 que el jugador estaba preso desde hac\u00eda seis a\u00f1os y siete meses y sin que hubiera sido condenado en segunda instancia, por lo que pod\u00eda ser liberado y recurrir en libertad a la sentencia.<\/p>\n<p class=\"p1\"><span class=\"s1\"><b>S\u00edguenos en Twitter<\/b>:\u00a0<a href=\"https:\/\/twitter.com\/MXFutbolTotal\"><span class=\"s2\">@MXFutbolTotal<\/span><\/a><\/span><\/p>\n","protected":false},"excerpt":{"rendered":"<p>Bruno fue condenado en 2013 a 22 a\u00f1os de prisi\u00f3n por el asesinato de su novia.<\/p>\n","protected":false},"author":144,"featured_media":468455,"comment_status":"closed","ping_status":"closed","sticky":false,"template":"","format":"standard","meta":[],"categories":[5419,3839],"tags":[6009,8337,8338],"_links":{"self":[{"href":"http:\/\/desarrollo.grupomedios.com\/futbol\/wp-json\/wp\/v2\/posts\/468452"}],"collection":[{"href":"http:\/\/desarrollo.grupomedios.com\/futbol\/wp-json\/wp\/v2\/posts"}],"about":[{"href":"http:\/\/desarrollo.grupomedios.com\/futbol\/wp-json\/wp\/v2\/types\/post"}],"author":[{"embeddable":true,"href":"http:\/\/desarrollo.grupomedios.com\/futbol\/wp-json\/wp\/v2\/users\/144"}],"replies":[{"embeddable":true,"href":"http:\/\/desarrollo.grupomedios.com\/futbol\/wp-json\/wp\/v2\/comments?post=468452"}],"version-history":[{"count":3,"href":"http:\/\/desarrollo.grupomedios.com\/futbol\/wp-json\/wp\/v2\/posts\/468452\/revisions"}],"predecessor-version":[{"id":468459,"href":"http:\/\/desarrollo.grupomedios.com\/futbol\/wp-json\/wp\/v2\/posts\/468452\/revisions\/468459"}],"wp:featuredmedia":[{"embeddable":true,"href":"http:\/\/desarrollo.grupomedios.com\/futbol\/wp-json\/wp\/v2\/media\/468455"}],"wp:attachment":[{"href":"http:\/\/desarrollo.grupomedios.com\/futbol\/wp-json\/wp\/v2\/media?parent=468452"}],"wp:term":[{"taxonomy":"category","embeddable":true,"href":"http:\/\/desarrollo.grupomedios.com\/futbol\/wp-json\/wp\/v2\/categories?post=468452"},{"taxonomy":"post_tag","embeddable":true,"href":"http:\/\/desarrollo.grupomedios.com\/futbol\/wp-json\/wp\/v2\/tags?post=468452"}],"curies":[{"name":"wp","href":"https:\/\/api.w.org\/{rel}","templated":true}]}}