{"id":468453,"date":"2017-03-14T13:13:24","date_gmt":"2017-03-14T19:13:24","guid":{"rendered":"https:\/\/www.futboltotal.com.mx\/?p=468453"},"modified":"2017-03-14T13:13:24","modified_gmt":"2017-03-14T19:13:24","slug":"pelaez-la-volpe-charlaron-aguilar-plantel-america","status":"publish","type":"post","link":"http:\/\/desarrollo.grupomedios.com\/futbol\/destacado-home\/pelaez-la-volpe-charlaron-aguilar-plantel-america\/2017\/03","title":{"rendered":"Pel\u00e1ez y La Volpe charlaron con Aguilar y el plantel de Am\u00e9rica"},"content":{"rendered":"<p>El <strong>CF Am\u00e9rica<\/strong>\u00a0tuvo este martes un at\u00edpico entrenamiento en las instalaciones de Coapa. Aun con la resaca del golpe an\u00edmico que dej\u00f3 la suspensi\u00f3n de un a\u00f1o al defensa central <strong>Pablo Aguilar<\/strong>, la plantilla tuvo una seria charla con el Presidente Deportivo, Ricardo Pel\u00e1ez, y el director t\u00e9cnico Ricardo La Volpe.<\/p>\n<p>Previo a la sesi\u00f3n matinal,<em>\u00a0<\/em>el estratega argentino reuni\u00f3 en el centro de la cancha a todos los jugadores del primer equipo, entre ellos <strong>Pablo Aguilar<\/strong>, y les pidi\u00f3 que hicieran un c\u00edrculo para escuchar las palabras de Pel\u00e1ez, quien dio un discurso durante algunos minutos y despu\u00e9s cedi\u00f3 la palabra al defensa central paraguayo. La Volpe fue el \u00faltimo en tomar la palabra y todo el plantel aval\u00f3 su discurso con aplausos.<\/p>\n<p style=\"text-align: center;\"><a href=\"https:\/\/www.futboltotal.com.mx\/2017\/03\/america-toluca-aun-pueden-recurrir-al-tas\/\"><span style=\"color: #3366ff;\">LEER M\u00c1S: Am\u00e9rica y Toluca pueden recurrir al TAS<\/span><\/a><\/p>\n<blockquote class=\"twitter-video\" data-lang=\"es\">\n<p dir=\"ltr\" lang=\"es\">\u00a1Presiona, presiona! <a href=\"https:\/\/twitter.com\/hashtag\/VamosAm%C3%A9rica?src=hash\">#VamosAm\u00e9rica<\/a> <a href=\"https:\/\/t.co\/6uVb4pIAfS\">pic.twitter.com\/6uVb4pIAfS<\/a><\/p>\n<p>\u2014 Club Am\u00e9rica (@ClubAmerica) <a href=\"https:\/\/twitter.com\/ClubAmerica\/status\/841700727789613058\">14 de marzo de 2017<\/a><\/p><\/blockquote>\n<p><script async src=\"\/\/platform.twitter.com\/widgets.js\" charset=\"utf-8\"><\/script><\/p>\n<p>Se sabe que<strong> Aguilar<\/strong>\u00a0tiene total apoyo de la directiva <em>azulcrema<\/em> y, aunque por ahora hay total hermetismo y tanto jugadores como la directiva han optado por dar carpetazo al tema de la sanci\u00f3n, el club podr\u00eda recurrir al TAS para buscar una reducci\u00f3n al castigo. El zaguero fue despedido por Pel\u00e1ez y sus compa\u00f1eros.<\/p>\n<p>Posteriormente, la pr\u00e1ctica se dio con total normalidad y gran intensidad, de cara al cl\u00e1sico capitalino que sostendr\u00e1n el pr\u00f3ximo domingo ante Pumas en Ciudad Universitaria. Y la gran novedad de la misma\u00a0fue el regreso del lateral derecho Paul Aguilar, quien ya comenz\u00f3 a entrenar con el equipo tras haber estado seis meses fuera de actividad por una rotura de ligamentos.<\/p>\n<blockquote class=\"twitter-video\" data-lang=\"es\">\n<p dir=\"ltr\" lang=\"es\">Acondicionamiento f\u00edsico &#x1f3c3;&#x1f3fb;&#x1f4a8; <a href=\"https:\/\/twitter.com\/hashtag\/VamosAm%C3%A9rica?src=hash\">#VamosAm\u00e9rica<\/a>&#x1f49b;&#x1f499; <a href=\"https:\/\/t.co\/IbZEtxCY1p\">pic.twitter.com\/IbZEtxCY1p<\/a><\/p>\n<p>\u2014 Club Am\u00e9rica (@ClubAmerica) <a href=\"https:\/\/twitter.com\/ClubAmerica\/status\/841705988818386945\">14 de marzo de 2017<\/a><\/p><\/blockquote>\n<p><script async src=\"\/\/platform.twitter.com\/widgets.js\" charset=\"utf-8\"><\/script><br \/>\n<strong>S\u00edguenos en Twitter: <a href=\"https:\/\/twitter.com\/MXFutbolTotal\" target=\"_blank\">@MXFutbolTotal<\/a><\/strong><\/p>\n","protected":false},"excerpt":{"rendered":"<p>El regreso de Paul Aguilar fue una de las grandes novedades en el entrenamiento de las \u00c1guilas.<\/p>\n","protected":false},"author":20,"featured_media":468464,"comment_status":"closed","ping_status":"closed","sticky":false,"template":"","format":"standard","meta":[],"categories":[5,2198,3845],"tags":[5959,994],"_links":{"self":[{"href":"http:\/\/desarrollo.grupomedios.com\/futbol\/wp-json\/wp\/v2\/posts\/468453"}],"collection":[{"href":"http:\/\/desarrollo.grupomedios.com\/futbol\/wp-json\/wp\/v2\/posts"}],"about":[{"href":"http:\/\/desarrollo.grupomedios.com\/futbol\/wp-json\/wp\/v2\/types\/post"}],"author":[{"embeddable":true,"href":"http:\/\/desarrollo.grupomedios.com\/futbol\/wp-json\/wp\/v2\/users\/20"}],"replies":[{"embeddable":true,"href":"http:\/\/desarrollo.grupomedios.com\/futbol\/wp-json\/wp\/v2\/comments?post=468453"}],"version-history":[{"count":1,"href":"http:\/\/desarrollo.grupomedios.com\/futbol\/wp-json\/wp\/v2\/posts\/468453\/revisions"}],"predecessor-version":[{"id":468466,"href":"http:\/\/desarrollo.grupomedios.com\/futbol\/wp-json\/wp\/v2\/posts\/468453\/revisions\/468466"}],"wp:featuredmedia":[{"embeddable":true,"href":"http:\/\/desarrollo.grupomedios.com\/futbol\/wp-json\/wp\/v2\/media\/468464"}],"wp:attachment":[{"href":"http:\/\/desarrollo.grupomedios.com\/futbol\/wp-json\/wp\/v2\/media?parent=468453"}],"wp:term":[{"taxonomy":"category","embeddable":true,"href":"http:\/\/desarrollo.grupomedios.com\/futbol\/wp-json\/wp\/v2\/categories?post=468453"},{"taxonomy":"post_tag","embeddable":true,"href":"http:\/\/desarrollo.grupomedios.com\/futbol\/wp-json\/wp\/v2\/tags?post=468453"}],"curies":[{"name":"wp","href":"https:\/\/api.w.org\/{rel}","templated":true}]}}