{"id":468454,"date":"2017-03-14T12:32:11","date_gmt":"2017-03-14T18:32:11","guid":{"rendered":"https:\/\/www.futboltotal.com.mx\/?p=468454"},"modified":"2017-03-14T12:32:11","modified_gmt":"2017-03-14T18:32:11","slug":"companero-chicharito-se-pierde-la-champions-examenes-en-la-escuela","status":"publish","type":"post","link":"http:\/\/desarrollo.grupomedios.com\/futbol\/futbol-internacional\/companero-chicharito-se-pierde-la-champions-examenes-en-la-escuela\/2017\/03","title":{"rendered":"Compa\u00f1ero de Chicharito se pierde la Champions por ex\u00e1menes en la escuela"},"content":{"rendered":"<p>El Bayer Leverkusen y <strong>Chicharito<\/strong> tienen la dif\u00edcil misi\u00f3n de remontar al Atl\u00e9tico de Madrid en el Vicente Calder\u00f3n el resultado de 4-2 que sufrieron en la Ida de los Octavos de Final de la Champions League.<\/p>\n<p>Adem\u00e1s de los goles que tienen en desventaja, tambi\u00e9n tendr\u00e1n que hacerlo sin varios jugadores del plantel titular donde destaca la curiosa ausencia de Kai Havertz.<\/p>\n<p>Pues el joven de 17 a\u00f1os no realiz\u00f3 el viaje a Madrid debido a que se encuentra en periodo de ex\u00e1menes acad\u00e9micos, por lo que tendr\u00e1 que ver el partido de <strong>Chicharito<\/strong> y compa\u00f1\u00eda en el descanso de su aplicaci\u00f3n.<\/p>\n<p style=\"text-align: center;\"><span style=\"color: #3366ff;\"><a style=\"color: #3366ff;\" href=\"https:\/\/www.futboltotal.com.mx\/2017\/03\/simulamos-juventus-porto-en-fifa-17-corona-lidero-remontada\/\">LEER M\u00c1S: Simulamos Juventus-Porto en FIFA 17, \u00bfCorona lider\u00f3 remontada?<\/a><\/span><\/p>\n<blockquote class=\"twitter-tweet\" data-width=\"500\">\n<p lang=\"es\" dir=\"ltr\">Suspensi\u00f3n por tarjetas amarillas:<br \/>Henrichs<\/p>\n<p>Havertz tendr\u00e1 ex\u00e1menes muy importantes en la escuela.<a href=\"https:\/\/twitter.com\/hashtag\/AtletiB04?src=hash\">#AtletiB04<\/a><\/p>\n<p>&mdash; Bayer 04 Leverkusen (@bayer04_es) <a href=\"https:\/\/twitter.com\/bayer04_es\/status\/841679978232127488\">March 14, 2017<\/a><\/p><\/blockquote>\n<p><script async src=\"\/\/platform.twitter.com\/widgets.js\" charset=\"utf-8\"><\/script><\/p>\n<p>Adem\u00e1s de el joven promesa del Leverkusen, tampoco estar\u00e1n Toprak, Tah, Kie\u00dfling y el capit\u00e1n Bender; adem\u00e1s de la suspensi\u00f3n por amarillas de Henrichs.<\/p>\n","protected":false},"excerpt":{"rendered":"<p>Las Aspirinas tendr\u00e1n bajas importantes para la vuelta.<\/p>\n","protected":false},"author":20,"featured_media":463042,"comment_status":"closed","ping_status":"closed","sticky":false,"template":"","format":"standard","meta":[],"categories":[3839],"tags":[4335,120],"_links":{"self":[{"href":"http:\/\/desarrollo.grupomedios.com\/futbol\/wp-json\/wp\/v2\/posts\/468454"}],"collection":[{"href":"http:\/\/desarrollo.grupomedios.com\/futbol\/wp-json\/wp\/v2\/posts"}],"about":[{"href":"http:\/\/desarrollo.grupomedios.com\/futbol\/wp-json\/wp\/v2\/types\/post"}],"author":[{"embeddable":true,"href":"http:\/\/desarrollo.grupomedios.com\/futbol\/wp-json\/wp\/v2\/users\/20"}],"replies":[{"embeddable":true,"href":"http:\/\/desarrollo.grupomedios.com\/futbol\/wp-json\/wp\/v2\/comments?post=468454"}],"version-history":[{"count":1,"href":"http:\/\/desarrollo.grupomedios.com\/futbol\/wp-json\/wp\/v2\/posts\/468454\/revisions"}],"predecessor-version":[{"id":468457,"href":"http:\/\/desarrollo.grupomedios.com\/futbol\/wp-json\/wp\/v2\/posts\/468454\/revisions\/468457"}],"wp:featuredmedia":[{"embeddable":true,"href":"http:\/\/desarrollo.grupomedios.com\/futbol\/wp-json\/wp\/v2\/media\/463042"}],"wp:attachment":[{"href":"http:\/\/desarrollo.grupomedios.com\/futbol\/wp-json\/wp\/v2\/media?parent=468454"}],"wp:term":[{"taxonomy":"category","embeddable":true,"href":"http:\/\/desarrollo.grupomedios.com\/futbol\/wp-json\/wp\/v2\/categories?post=468454"},{"taxonomy":"post_tag","embeddable":true,"href":"http:\/\/desarrollo.grupomedios.com\/futbol\/wp-json\/wp\/v2\/tags?post=468454"}],"curies":[{"name":"wp","href":"https:\/\/api.w.org\/{rel}","templated":true}]}}