{"id":468471,"date":"2017-03-14T13:43:29","date_gmt":"2017-03-14T19:43:29","guid":{"rendered":"https:\/\/www.futboltotal.com.mx\/?p=468471"},"modified":"2017-03-14T13:43:29","modified_gmt":"2017-03-14T19:43:29","slug":"aficionados-americanistas-protestan-la-sancion-aguilar","status":"publish","type":"post","link":"http:\/\/desarrollo.grupomedios.com\/futbol\/futbol-mexicano\/aficionados-americanistas-protestan-la-sancion-aguilar\/2017\/03","title":{"rendered":"Aficionados americanistas protestan la sanci\u00f3n de Aguilar"},"content":{"rendered":"<p>En las inmediaciones de las instalaciones del Am\u00e9rica en Coapa, un par de aficionados se dieron cita para protestar por la sanci\u00f3n que le han impuesto a Pablo Aguilar de un a\u00f1o alejado de las canchas.<\/p>\n<p>Los dos seguidores del Am\u00e9rica se manifestaron con dos cartulinas en donde se puede apreciar su molestia por la decisi\u00f3n de la Comisi\u00f3n disciplinaria.<\/p>\n<blockquote><p>&#8220;No al boicot de los burros negros (sic.)&#8221;, &#8220;Kada jornada la kagan y a ellos por qu\u00e9 no los suspenden (sic.)&#8221; o &#8220;esto es juego de &#8216;kabrones&#8217; mejor kedese en el hogar a jugar con mu\u00f1ecas (sic.)&#8221;, se puede leer en los carteles.<\/p><\/blockquote>\n<p><a href=\"https:\/\/www.futboltotal.com.mx\/wp-content\/uploads\/2017\/03\/C65kupLVoAABy2h.jpg\"><img decoding=\"async\" loading=\"lazy\" class=\"alignnone size-full wp-image-468474\" src=\"https:\/\/www.futboltotal.com.mx\/wp-content\/uploads\/2017\/03\/C65kupLVoAABy2h.jpg\" alt=\"Aficionados americanistas protestan la sanci\u00f3n de Aguilar 0\" srcset=\"http:\/\/desarrollo.grupomedios.com\/futbol\/wp-content\/uploads\/2017\/03\/C65kupLVoAABy2h.jpg 810w, http:\/\/desarrollo.grupomedios.com\/futbol\/wp-content\/uploads\/2017\/03\/C65kupLVoAABy2h-300x169.jpg 300w, http:\/\/desarrollo.grupomedios.com\/futbol\/wp-content\/uploads\/2017\/03\/C65kupLVoAABy2h-768x432.jpg 768w, http:\/\/desarrollo.grupomedios.com\/futbol\/wp-content\/uploads\/2017\/03\/C65kupLVoAABy2h-317x178.jpg 317w, http:\/\/desarrollo.grupomedios.com\/futbol\/wp-content\/uploads\/2017\/03\/C65kupLVoAABy2h-535x301.jpg 535w, http:\/\/desarrollo.grupomedios.com\/futbol\/wp-content\/uploads\/2017\/03\/C65kupLVoAABy2h-374x210.jpg 374w\" sizes=\"(max-width: 810px) 100vw, 810px\" \/><\/a><\/p>\n","protected":false},"excerpt":{"rendered":"<p>La afici\u00f3n del Am\u00e9rica muestra su inconformidad. <\/p>\n","protected":false},"author":20,"featured_media":468475,"comment_status":"closed","ping_status":"closed","sticky":false,"template":"","format":"standard","meta":[],"categories":[5419,2198,3845],"tags":[5959,994],"_links":{"self":[{"href":"http:\/\/desarrollo.grupomedios.com\/futbol\/wp-json\/wp\/v2\/posts\/468471"}],"collection":[{"href":"http:\/\/desarrollo.grupomedios.com\/futbol\/wp-json\/wp\/v2\/posts"}],"about":[{"href":"http:\/\/desarrollo.grupomedios.com\/futbol\/wp-json\/wp\/v2\/types\/post"}],"author":[{"embeddable":true,"href":"http:\/\/desarrollo.grupomedios.com\/futbol\/wp-json\/wp\/v2\/users\/20"}],"replies":[{"embeddable":true,"href":"http:\/\/desarrollo.grupomedios.com\/futbol\/wp-json\/wp\/v2\/comments?post=468471"}],"version-history":[{"count":1,"href":"http:\/\/desarrollo.grupomedios.com\/futbol\/wp-json\/wp\/v2\/posts\/468471\/revisions"}],"predecessor-version":[{"id":468476,"href":"http:\/\/desarrollo.grupomedios.com\/futbol\/wp-json\/wp\/v2\/posts\/468471\/revisions\/468476"}],"wp:featuredmedia":[{"embeddable":true,"href":"http:\/\/desarrollo.grupomedios.com\/futbol\/wp-json\/wp\/v2\/media\/468475"}],"wp:attachment":[{"href":"http:\/\/desarrollo.grupomedios.com\/futbol\/wp-json\/wp\/v2\/media?parent=468471"}],"wp:term":[{"taxonomy":"category","embeddable":true,"href":"http:\/\/desarrollo.grupomedios.com\/futbol\/wp-json\/wp\/v2\/categories?post=468471"},{"taxonomy":"post_tag","embeddable":true,"href":"http:\/\/desarrollo.grupomedios.com\/futbol\/wp-json\/wp\/v2\/tags?post=468471"}],"curies":[{"name":"wp","href":"https:\/\/api.w.org\/{rel}","templated":true}]}}