{"id":468503,"date":"2017-03-15T13:19:16","date_gmt":"2017-03-15T19:19:16","guid":{"rendered":"https:\/\/www.futboltotal.com.mx\/?p=468503"},"modified":"2017-03-15T15:51:34","modified_gmt":"2017-03-15T21:51:34","slug":"en-vivo-atletico-madrid-vs-bayer-leverkusen-champions-league","status":"publish","type":"post","link":"http:\/\/desarrollo.grupomedios.com\/futbol\/futbol-internacional\/en-vivo-atletico-madrid-vs-bayer-leverkusen-champions-league\/2017\/03","title":{"rendered":"AS\u00cd SE VIVI\u00d3 | Atl\u00e9tico 0-0 Bayer Leverkusen | Champions League"},"content":{"rendered":"<p><span style=\"color: #ff0000;\">90:00 +3\u00a0<\/span>| Gracias por habernos acompa\u00f1ado. Sigas las reacciones por futboltotal.com.mx<\/p>\n<p><span style=\"color: #ff0000;\">90:00 +3\u00a0<\/span>| \u00a1Se acab\u00f3 el partido! El Bayer Leverkusen y Chicharito quedan eliminados y el Atl\u00e9tico est\u00e1 en Cuartos de Final con un global de 2-4 firmado en la Ida.<\/p>\n<blockquote class=\"twitter-tweet\" data-lang=\"es\">\n<p dir=\"ltr\" lang=\"es\">\u23f1 93&#8242; | 0-0 | \u00a1Finaaaaaal! \u00a1El equipo se CLASIFICA para cuartos de final de la <a href=\"https:\/\/twitter.com\/LigadeCampeones\">@LigadeCampeones<\/a>! &#x1f60a;&#x1f60a;&#x1f60a; \u00a1Vamos!<a href=\"https:\/\/twitter.com\/hashtag\/UCL?src=hash\">#UCL<\/a> <a href=\"https:\/\/twitter.com\/hashtag\/AtletiB04?src=hash\">#AtletiB04<\/a> <a href=\"https:\/\/twitter.com\/hashtag\/A%C3%BApaAtleti?src=hash\">#A\u00fapaAtleti<\/a> <a href=\"https:\/\/t.co\/4eTPlcFg6k\">pic.twitter.com\/4eTPlcFg6k<\/a><\/p>\n<p>\u2014 Atl\u00e9tico de Madrid (@Atleti) <a href=\"https:\/\/twitter.com\/Atleti\/status\/842127291819909133\">15 de marzo de 2017<\/a><\/p><\/blockquote>\n<p><script async src=\"\/\/platform.twitter.com\/widgets.js\" charset=\"utf-8\"><\/script><\/p>\n<p><span style=\"color: #ff0000;\">90:00<\/span> | \u00a1Se agregar\u00e1n tres minutos!<\/p>\n<p><span style=\"color: #ff0000;\">84:00<\/span> | No habr\u00e1 remontada del Leverkusen y los alemanes quedar\u00e1n eliminados de la justa.<\/p>\n<p><span style=\"color: #ff0000;\">82:00<\/span> | \u00a1Otros dos atajadones de Oblak!\u00a0Bailey y Kampl no pudieron doblegar al esloveno.<\/p>\n<p><span style=\"color: #ff0000;\">75:00<\/span> | As\u00ed fueron las atajadas de Oblak y la falla de Brandt&#8230;<\/p>\n<blockquote class=\"twitter-video\" data-lang=\"es\">\n<p dir=\"ltr\" lang=\"es\">V\u00cdDEO| \u00bfOblak o Superman? Vaya triple parada del esloveno &#x1f631;<a href=\"https:\/\/twitter.com\/hashtag\/ATLETIB04?src=hash\">#ATLETIB04<\/a> <a href=\"https:\/\/twitter.com\/hashtag\/atleti?src=hash\">#atleti<\/a> <a href=\"https:\/\/t.co\/lP9qMPQo72\">pic.twitter.com\/lP9qMPQo72<\/a><\/p>\n<p>\u2014 Sport Review (@Sportreviewapp) <a href=\"https:\/\/twitter.com\/Sportreviewapp\/status\/842122285309956096\">15 de marzo de 2017<\/a><\/p><\/blockquote>\n<p><script async src=\"\/\/platform.twitter.com\/widgets.js\" charset=\"utf-8\"><\/script><\/p>\n<p><span style=\"color: #ff0000;\">67:00<\/span> | \u00a1Bayer pifia en la m\u00e1s clara del partido! Fall\u00f3 Gim\u00e9nez en la salida; Brandt, Volland y Chicharito no pudieron con Oblak.<\/p>\n<p><span style=\"color: #ff0000;\">65:00<\/span> | \u00a1Le pegaron a Chicharito! Amonestan a Gim\u00e9nez por una falta sobre el mexicano fuera del \u00e1rea.<\/p>\n<p><span style=\"color: #ff0000;\">63:00<\/span> | Cambio del Atl\u00e9tico: Se va \u00c1ngel Correa e ingresa Nico Gait\u00e1n.<\/p>\n<p><span style=\"color: #ff0000;\">63:00<\/span> | Primera amonestaci\u00f3n para Jedvaj por una dura falta sobre Correa.<\/p>\n<p><span style=\"color: #ff0000;\">57:00<\/span> | \u00a1Griezmann falla! El franc\u00e9s bombe\u00f3 la pelota tras un pase filtrado y el bal\u00f3n pas\u00f3 cerca del marco de Leno.<\/p>\n<p><span style=\"color: #ff0000;\">55:00<\/span> | \u00a1Perdona el Atl\u00e9tico! Partey condujo desde antes de media cancha hasta el \u00e1rea rival, pero Correa falla en la definici\u00f3n dentro del \u00e1rea.<\/p>\n<p><span style=\"color: #ff0000;\">53:00<\/span> | Buena jugada del Leverkusen y Volland sac\u00f3 un servicio a segundo poste que no logr\u00f3 rematar Chicharito.<\/p>\n<p><span style=\"color: #ff0000;\">51:00<\/span> | Bayer parece que no tiene prisa y ya dej\u00f3 de presionar en la salida; deja salir jugando al Atl\u00e9tico desde el fondo sin problemas.<\/p>\n<p><span style=\"color: #ff0000;\">46:00<\/span> | \u00a1Arranca la parte complementaria! Mueve el Atl\u00e9tico&#8230;<\/p>\n<blockquote class=\"twitter-tweet\" data-lang=\"es\">\n<p dir=\"ltr\" lang=\"es\">46&#8242; El bal\u00f3n rueda nuevamente con las acciones de la segunda parte:<a href=\"https:\/\/twitter.com\/Atleti\">@Atleti<\/a> 0-0 <a href=\"https:\/\/twitter.com\/hashtag\/Bayer04?src=hash\">#Bayer04<\/a> \u00a1Venga! &#x1f44a;<a href=\"https:\/\/twitter.com\/hashtag\/AtletiB04?src=hash\">#AtletiB04<\/a> <a href=\"https:\/\/t.co\/SWQ7F11Rat\">pic.twitter.com\/SWQ7F11Rat<\/a><\/p>\n<p>\u2014 Bayer 04 Leverkusen (@bayer04_es) <a href=\"https:\/\/twitter.com\/bayer04_es\/status\/842115137272176644\">15 de marzo de 2017<\/a><\/p><\/blockquote>\n<p><script async src=\"\/\/platform.twitter.com\/widgets.js\" charset=\"utf-8\"><\/script><\/p>\n<p><span style=\"color: #ff0000;\">45:00<\/span> | Finaliza el primer tiempo. Aun no hay goles en el Vicente Calder\u00f3n&#8230; \u00a1Y el Bayer necesita tres para la haza\u00f1a!<\/p>\n<blockquote class=\"twitter-tweet\" data-lang=\"es\">\n<p dir=\"ltr\" lang=\"es\">\u23f1 46&#8242; | 0-0 | \u00a1Descanso en el Calder\u00f3n con tablas en el marcador!<br \/>\n\u00a145 minutos por delante para marcar! &#x1f4aa;<a href=\"https:\/\/twitter.com\/hashtag\/UCL?src=hash\">#UCL<\/a> <a href=\"https:\/\/twitter.com\/hashtag\/AtletiB04?src=hash\">#AtletiB04<\/a> <a href=\"https:\/\/twitter.com\/hashtag\/A%C3%BApaAtleti?src=hash\">#A\u00fapaAtleti<\/a> <a href=\"https:\/\/t.co\/FnPzXfUmFq\">pic.twitter.com\/FnPzXfUmFq<\/a><\/p>\n<p>\u2014 Atl\u00e9tico de Madrid (@Atleti) <a href=\"https:\/\/twitter.com\/Atleti\/status\/842111284871061507\">15 de marzo de 2017<\/a><\/p><\/blockquote>\n<p><script async src=\"\/\/platform.twitter.com\/widgets.js\" charset=\"utf-8\"><\/script><\/p>\n<p><span style=\"color: #ff0000;\">41:00<\/span> | \u00a1Remate de Chicharito! Kampl le puso un bal\u00f3n milim\u00e9trico y el mexicano dispar\u00f3 de primera; God\u00edn desv\u00eda a tiro de esquina.<\/p>\n<p><span style=\"color: #ff0000;\">39:00<\/span> | \u00a1Leno para de nuevo! Koke saca un tiro de media distancia y el arquero manda a c\u00f3rner.<\/p>\n<p><span style=\"color: #ff0000;\">37:00<\/span> | \u00a1Atajad\u00f3n de Leno! El alem\u00e1n se estira y evita el gol tras un tiro a quemarropa de Correa.<\/p>\n<p><span style=\"color: #ff0000;\">36:00<\/span> | Kampl se anima de media distancia y el esf\u00e9rico pasa por encima del marco de Oblak.<\/p>\n<p><span style=\"color: #ff0000;\">34:00<\/span> | <em>Chicha<\/em> intent\u00f3 ponerle un bal\u00f3n al \u00e1rea, pero Vrsaljko corta el esf\u00e9rico evitando una muy buena ocasi\u00f3n para el Bayern.<\/p>\n<p><span style=\"color: #ff0000;\">30:00<\/span> | Muy pareja la primera media hora de juego: Atl\u00e9tico y Bayer han hecho cuatro disparos pero solo uno ha sido a porter\u00eda y ha sido del Leverkusen.<\/p>\n<p><span style=\"color: #ff0000;\">24:00<\/span> | El DT Tayfun da indicaciones a CH7 y le pide que presione con todo en la salida del Atl\u00e9tico.<\/p>\n<p><span style=\"color: #ff0000;\">21:00<\/span> | \u00a1Cerca el zurdazo del Chicharito! El mexicano dispara dentro del \u00e1rea tras un pase de Brandt y el esf\u00e9rico pasa apenas encima del larguero.<\/p>\n<blockquote class=\"twitter-video\" data-lang=\"es\">\n<p dir=\"ltr\" lang=\"es\">Lo tuvo Chicharito <a href=\"https:\/\/t.co\/kvmrhWJ2De\">pic.twitter.com\/kvmrhWJ2De<\/a><\/p>\n<p>\u2014 Ariel Benzaquen (@arielbenza) <a href=\"https:\/\/twitter.com\/arielbenza\/status\/842105624007737348\">15 de marzo de 2017<\/a><\/p><\/blockquote>\n<p><script async src=\"\/\/platform.twitter.com\/widgets.js\" charset=\"utf-8\"><\/script><\/p>\n<p><span style=\"color: #ff0000;\">14:00<\/span> | \u00a1Falla Brandt! Chicharito la arm\u00f3 en un contragolpe y Brandt se tard\u00f3 un siglo en disparar tras la asistencia del mexicano.<\/p>\n<p><span style=\"color: #ff0000;\">13:00<\/span> | \u00a1Perdona Correa! El argentino sac\u00f3 un remate tras una pelota filtrada y el esf\u00e9rico acaba bloqueado por Hilbert.<\/p>\n<p><span style=\"color: #ff0000;\">12:00<\/span> | Frentazo de Gim\u00e9nez tras un c\u00f3rner botado por Koke que acaba en manos de Leno.<\/p>\n<p><span style=\"color: #ff0000;\">10:00<\/span> | \u00a1Chicharito no ha tocado el esf\u00e9rico! El Leverkusen sufre ante el buen parado del Atl\u00e9tico y no logra descolgar por las bandas y tiene complicado avanzar por zona interior.<\/p>\n<p><span style=\"color: #ff0000;\">07:00<\/span> | Atl\u00e9tico tiene primer tiro de esquina&#8230; cobra Koke y rechaza la defensa del Leverkusen.<\/p>\n<p><span style=\"color: #ff0000;\">04:00<\/span> | \u00a1Avisa el Leverkusen! Volland saca un zapatazo cruzado dentro del \u00e1rea y el bal\u00f3n paso desviado.<\/p>\n<p><span style=\"color: #ff0000;\">02:00<\/span> | Tayfun Korkut pide mucho orden defensivo ante la peligrosidad del Atl\u00e9tico, que ya intent\u00f3 en dos ocasiones poner balones a Griezmann.<\/p>\n<p><span style=\"color: #ff0000;\">00:00<\/span> | \u00a1Rueda el bal\u00f3n en el Vicente Calder\u00f3n!<\/p>\n<p>* Los capitanes Diego God\u00edn y Bernd Leno intercambian banderines. Todo listo para que inicie el partido.<\/p>\n<p>* Saltan los jugadores a la cancha. Silencio&#8230; \u00a1Suena el Himno de la Champions League!<\/p>\n<p>* El Leverkusen se encomienda a Leno&#8230; Necesita tres goles para remontar&#8230; \u00a1 Y no recibir ninguno!<\/p>\n<blockquote class=\"twitter-tweet\" data-lang=\"es\">\n<p dir=\"ltr\" lang=\"es\">\u00bfPodr\u00e1 Bernd Leno ser el h\u00e9roe del <a href=\"https:\/\/twitter.com\/bayer04_es\">@bayer04_es<\/a>?<a href=\"https:\/\/twitter.com\/hashtag\/UCL?src=hash\">#UCL<\/a> <a href=\"https:\/\/t.co\/ztJhxjjO0w\">pic.twitter.com\/ztJhxjjO0w<\/a><\/p>\n<p>\u2014 Liga de Campeones (@LigadeCampeones) <a href=\"https:\/\/twitter.com\/LigadeCampeones\/status\/842096517603328000\">15 de marzo de 2017<\/a><\/p><\/blockquote>\n<p><script async src=\"\/\/platform.twitter.com\/widgets.js\" charset=\"utf-8\"><\/script><\/p>\n<p>* Todo est\u00e1 listo en el vestidor del Leverkusen&#8230;<\/p>\n<blockquote class=\"twitter-tweet\" data-lang=\"es\">\n<p dir=\"ltr\" lang=\"es\">\u00a1Falta cada vez menos para nuestro duelo! &#x1f601;<\/p>\n<p>\u00bfD\u00f3nde ver\u00e1n el partido? &#x1f4fa;&#x1f4bb;&#x1f4f1;<a href=\"https:\/\/twitter.com\/hashtag\/AtletiB04?src=hash\">#AtletiB04<\/a> <a href=\"https:\/\/t.co\/QGXx6eh9MB\">pic.twitter.com\/QGXx6eh9MB<\/a><\/p>\n<p>\u2014 Bayer 04 Leverkusen (@bayer04_es) <a href=\"https:\/\/twitter.com\/bayer04_es\/status\/842089615917953025\">15 de marzo de 2017<\/a><\/p><\/blockquote>\n<p><script async src=\"\/\/platform.twitter.com\/widgets.js\" charset=\"utf-8\"><\/script><\/p>\n<p>* El XI del Leverkusen est\u00e1 listo y Chicharito har\u00e1 t\u00e1ndem con Kevin Volland en la delantera.<\/p>\n<blockquote class=\"twitter-tweet\" data-lang=\"es\">\n<p dir=\"ltr\" lang=\"es\">\u00a1Nuestro 11 inicial! \u26ab\ufe0f&#x1f455;&#x1f534;<\/p>\n<p>\u00bfCu\u00e1l es su pron\u00f3stico?<a href=\"https:\/\/twitter.com\/hashtag\/AtletiB04?src=hash\">#AtletiB04<\/a> <a href=\"https:\/\/t.co\/gDWlgHObvC\">pic.twitter.com\/gDWlgHObvC<\/a><\/p>\n<p>\u2014 Bayer 04 Leverkusen (@bayer04_es) <a href=\"https:\/\/twitter.com\/bayer04_es\/status\/842084945803673600\">15 de marzo de 2017<\/a><\/p><\/blockquote>\n<p><script async src=\"\/\/platform.twitter.com\/widgets.js\" charset=\"utf-8\"><\/script><\/p>\n<p>* Estos son los elegidos de Diego Simeone para el XI inicial. Hay cinco cambios respecto a la alineaci\u00f3n que puso en el Bay Arena.<\/p>\n<blockquote class=\"twitter-tweet\" data-lang=\"es\">\n<p dir=\"ltr\" lang=\"es\">1\ufe0f\u20e31\ufe0f\u20e3 \u00a1Ya tenemos once!<br \/>\n\u00a1Descubre los elegidos por <a href=\"https:\/\/twitter.com\/Simeone\">@Simeone<\/a> para enfrentarse al <a href=\"https:\/\/twitter.com\/bayer04_es\">@Bayer04_es<\/a>! &#x1f3e7;<a href=\"https:\/\/twitter.com\/hashtag\/UCL?src=hash\">#UCL<\/a> <a href=\"https:\/\/twitter.com\/hashtag\/AtletiB04?src=hash\">#AtletiB04<\/a> <a href=\"https:\/\/twitter.com\/hashtag\/A%C3%BApaAtleti?src=hash\">#A\u00fapaAtleti<\/a> <a href=\"https:\/\/t.co\/lkvckieraD\">pic.twitter.com\/lkvckieraD<\/a><\/p>\n<p>\u2014 Atl\u00e9tico de Madrid (@Atleti) <a href=\"https:\/\/twitter.com\/Atleti\/status\/842079919760912385\">15 de marzo de 2017<\/a><\/p><\/blockquote>\n<p><script async src=\"\/\/platform.twitter.com\/widgets.js\" charset=\"utf-8\"><\/script><\/p>\n<p>* Los Colchoneros ya llegaron a la caldera del Vicente Calder\u00f3n.<\/p>\n<blockquote class=\"twitter-tweet\" data-lang=\"es\">\n<p dir=\"ltr\" lang=\"es\">&#x1f68c; \u00a1Llegamos al Vicente Calder\u00f3n! &#x1f3df; <a href=\"https:\/\/twitter.com\/hashtag\/UCL?src=hash\">#UCL<\/a> <a href=\"https:\/\/twitter.com\/hashtag\/AtletiB04?src=hash\">#AtletiB04<\/a> <a href=\"https:\/\/twitter.com\/hashtag\/A%C3%BApaAtleti?src=hash\">#A\u00fapaAtleti<\/a> <a href=\"https:\/\/t.co\/JyPcGgPp0F\">pic.twitter.com\/JyPcGgPp0F<\/a><\/p>\n<p>\u2014 Atl\u00e9tico de Madrid (@Atleti) <a href=\"https:\/\/twitter.com\/Atleti\/status\/842083452564459521\">15 de marzo de 2017<\/a><\/p><\/blockquote>\n<p><script async src=\"\/\/platform.twitter.com\/widgets.js\" charset=\"utf-8\"><\/script><\/p>\n<p>* Los aficionados del Leverkusen son entusiastas y han acudido a apoyar a las Aspirinas.<\/p>\n<blockquote class=\"twitter-tweet\" data-lang=\"es\">\n<p dir=\"ltr\" lang=\"es\">\u00a1Gracias por tanto cari\u00f1o! &#x1f60d;<\/p>\n<p>Nuestros aficionados se relajan en Madrid previo a nuestro partido de <a href=\"https:\/\/twitter.com\/LigadeCampeones\">@LigadeCampeones<\/a>. \u26ab\u26bd&#x1f534; <a href=\"https:\/\/t.co\/SgZhviv3Yb\">pic.twitter.com\/SgZhviv3Yb<\/a><\/p>\n<p>\u2014 Bayer 04 Leverkusen (@bayer04_es) <a href=\"https:\/\/twitter.com\/bayer04_es\/status\/842051656967630848\">15 de marzo de 2017<\/a><\/p><\/blockquote>\n<p><script async src=\"\/\/platform.twitter.com\/widgets.js\" charset=\"utf-8\"><\/script><\/p>\n<p>* El Leverkusen y el mexicano Chicharito Hern\u00e1ndez buscan una remontada de antolog\u00eda en el Vicente Calder\u00f3n.<\/p>\n<p>*\u00a1Buena tarde, amigos de Futbol Total! Les llevaremos todos los detalles del duelo entre Atl\u00e9tico y Leverkusen.<\/p>\n<p>El probable regreso de <strong>Fernando Torres<\/strong>, trece d\u00edas despu\u00e9s del choque en Riazor que conmocion\u00f3 y asust\u00f3 al f\u00fatbol espa\u00f1ol, y la buena ventaja del <strong>Atl\u00e9tico de Madrid<\/strong>, el 2-4 del encuentro de ida, marcan el partido de vuelta de los octavos de final de la Liga de Campeones ante el <strong>Bayer Leverkusen<\/strong>.<\/p>\n<p>Sin embargo, este duelo tambi\u00e9n encierra el morbo de la vuelta de <strong>Javier <em>Chicharito<\/em> Hern\u00e1ndez<\/strong> a Madrid,\u00a0ciudad en la que hace un par de a\u00f1os el mexicano vivi\u00f3 un momento \u00e9pico en su carrera: marc\u00f3 el gol con el que de \u00faltimo momento el <strong>Real Madrid<\/strong> elimin\u00f3 al Atl\u00e9tico en cuartos de final de la <strong>Champions League 2014-2015<\/strong>.<\/p>\n<p>&nbsp;<\/p>\n<blockquote class=\"twitter-video\" data-lang=\"es\">\n<p dir=\"ltr\" lang=\"es\">Cuando <a href=\"https:\/\/twitter.com\/hashtag\/Chicharito?src=hash\">#Chicharito<\/a> dio esperanza <a href=\"https:\/\/twitter.com\/hashtag\/RealMadrid?src=hash\">#RealMadrid<\/a> vs <a href=\"https:\/\/twitter.com\/hashtag\/AtleticoMadrid?src=hash\">#AtleticoMadrid<\/a> <a href=\"https:\/\/twitter.com\/hashtag\/ChichaDeus?src=hash\">#ChichaDeus<\/a> <a href=\"https:\/\/twitter.com\/hashtag\/ChichaDios?src=hash\">#ChichaDios<\/a> <a href=\"https:\/\/twitter.com\/hashtag\/ViernesDeGanarSeguidores?src=hash\">#ViernesDeGanarSeguidores<\/a> <a href=\"https:\/\/t.co\/DERchO5xbF\">pic.twitter.com\/DERchO5xbF<\/a><\/p>\n<p>\u2014 Legi\u00f3n Mexicana (@ChicharitoVines) <a href=\"https:\/\/twitter.com\/ChicharitoVines\/status\/677968786402574336\">18 de diciembre de 2015<\/a><\/p><\/blockquote>\n<p><script async src=\"\/\/platform.twitter.com\/widgets.js\" charset=\"utf-8\"><\/script><\/p>\n<p>Hace unas semanas, <span style=\"text-decoration: underline;\"><em>Chicharito<\/em><\/span> no pudo hacerse presente con goles en el duelo de ida en Leverkusen, pero el mexicano es la carta fuerte de los alemanes para so\u00f1ar con la remontada, confiando en que su delantero estrella pueda salir inspirado, tal y como lo hizo hace un par de a\u00f1os vistiendo la playera de los <em>Merengues<\/em>.<\/p>\n<p class=\"p1\"><span class=\"s1\">[video_player]https:\/\/player.vimeo.com\/external\/208528133.hd.mp4?s=32f91d4cade1e4a14ee157c2427b4233f4dc5ab7&amp;profile_id=119|wide\u00a0[\/video_player]<\/span><\/p>\n<p>Por el bando rojiblanco, si el Ni\u00f1o no alcanza a estar disponible para Simeone, hay dos opciones para acompa\u00f1ar a Antoine Griezmann en el ataque: Yannick Carrasco o \u00c1ngel Correa.<\/p>\n<p>El primero, que ya jug\u00f3 ah\u00ed el s\u00e1bado en el estadio Nuevo Los C\u00e1rmenes, con una versi\u00f3n potente, es m\u00e1s probable que el segundo. A la vez, los dos tambi\u00e9n son opciones para la banda derecha del centro del campo. Tambi\u00e9n Juanfran Torres, con Sime Vrsaljko en el lateral. Ya ha utilizado esa combinaci\u00f3n en alg\u00fan duelo de 2017.<\/p>\n<blockquote class=\"twitter-tweet\" data-width=\"500\">\n<p lang=\"es\" dir=\"ltr\">Savic y <a href=\"https:\/\/twitter.com\/Torres\">@Torres<\/a> reciben el alta m\u00e9dica y ya est\u00e1n a disposici\u00f3n de <a href=\"https:\/\/twitter.com\/Simeone\">@Simeone<\/a> <br \/>\u27a1\ufe0f <a href=\"https:\/\/t.co\/sZixV1XzuQ\">https:\/\/t.co\/sZixV1XzuQ<\/a> <a href=\"https:\/\/t.co\/eOeaaSFrer\">pic.twitter.com\/eOeaaSFrer<\/a><\/p>\n<p>&mdash; Atl\u00e9tico de Madrid (@Atleti) <a href=\"https:\/\/twitter.com\/Atleti\/status\/841711352230080513\">March 14, 2017<\/a><\/p><\/blockquote>\n<p><script async src=\"\/\/platform.twitter.com\/widgets.js\" charset=\"utf-8\"><\/script><\/p>\n<p>Hay ejemplos recientes que avisan al Atl\u00e9tico contra la relajaci\u00f3n, pero que a la vez lo protegen para afrontar el choque, como la incre\u00edble remontada del Barcelona al Par\u00eds Saint Germain, el sufrimiento del Real Madrid en el primer tramo en N\u00e1poles o, en su caso, el 2-3 con el que le amenaz\u00f3 Las Palmas en el mismo escenario.<\/p>\n<p>Entonces, en los octavos de final de la Copa del Rey, tambi\u00e9n ten\u00eda dos goles de ventaja del partido de ida, un 0-2. Quiz\u00e1 por esa circunstancia rebaj\u00f3 por momentos la tensi\u00f3n. El resultado final fue un 2-3, cierto que con el \u00faltimo gol rival muy cerca del final, pero tambi\u00e9n que uno m\u00e1s le habr\u00eda dejado fuera del torneo. Se clasific\u00f3.<\/p>\n<p style=\"text-align: center;\"><span style=\"color: #3366ff;\"><a style=\"color: #3366ff;\" href=\"https:\/\/www.futboltotal.com.mx\/2017\/03\/casillas-consigue-historico-record-en-la-champions\/\">LEER M\u00c1S: Casillas consigue hist\u00f3rico r\u00e9cord en la Champions<\/a><\/span><\/p>\n<p>No quiere sorpresas ni descuidos el Atl\u00e9tico, al que todos los datos, estad\u00edsticas, precedentes y sensaciones le dan como vencedor en el envite de este mi\u00e9rcoles, el \u00faltimo paso hacia su novena presencia en los cuartos de final de la Copa de Europa; cuatro de cuatro, si lo logra, en la era Simeone y de forma consecutiva.<\/p>\n<p><a href=\"https:\/\/www.futboltotal.com.mx\/wp-content\/uploads\/2017\/03\/bayer-leverkusen-vs-atletico-de-madrid.jpg\"><img decoding=\"async\" loading=\"lazy\" class=\"alignnone size-full wp-image-468577\" src=\"https:\/\/www.futboltotal.com.mx\/wp-content\/uploads\/2017\/03\/bayer-leverkusen-vs-atletico-de-madrid.jpg\" alt=\"AS\u00cd SE VIVI\u00d3 | Atl\u00e9tico 0-0 Bayer Leverkusen | Champions League 0\" srcset=\"http:\/\/desarrollo.grupomedios.com\/futbol\/wp-content\/uploads\/2017\/03\/bayer-leverkusen-vs-atletico-de-madrid.jpg 1136w, http:\/\/desarrollo.grupomedios.com\/futbol\/wp-content\/uploads\/2017\/03\/bayer-leverkusen-vs-atletico-de-madrid-300x169.jpg 300w, http:\/\/desarrollo.grupomedios.com\/futbol\/wp-content\/uploads\/2017\/03\/bayer-leverkusen-vs-atletico-de-madrid-768x432.jpg 768w, http:\/\/desarrollo.grupomedios.com\/futbol\/wp-content\/uploads\/2017\/03\/bayer-leverkusen-vs-atletico-de-madrid-1024x576.jpg 1024w, http:\/\/desarrollo.grupomedios.com\/futbol\/wp-content\/uploads\/2017\/03\/bayer-leverkusen-vs-atletico-de-madrid-317x178.jpg 317w, http:\/\/desarrollo.grupomedios.com\/futbol\/wp-content\/uploads\/2017\/03\/bayer-leverkusen-vs-atletico-de-madrid-535x301.jpg 535w, http:\/\/desarrollo.grupomedios.com\/futbol\/wp-content\/uploads\/2017\/03\/bayer-leverkusen-vs-atletico-de-madrid-374x210.jpg 374w\" sizes=\"(max-width: 1136px) 100vw, 1136px\" \/><\/a><\/p>\n<p>En la historia de los torneos europeos, de las treinta veces que el encuentro de ida se sald\u00f3 con un 2-4 para el bloque visitante, s\u00f3lo en una pas\u00f3 el contrincante que part\u00eda en desventaja en la vuelta (el Metz, con un 1-4 al Barcelona en la Recopa de Europa de 1984-85) y s\u00f3lo dos clubes, Inter y Ajax, han levantado un marcador adverso como local en la vuelta a domicilio en la Liga de Campeones.<\/p>\n<p>El Leverkusen, entre tanto, viaja por una posici\u00f3n menor en la Bundesliga, el d\u00e9cimo puesto. S\u00f3lo ha sido capaz de vencer nueve de sus 24 encuentros de este curso en el campeonato y fue goleado 6-2 por el Dortmund en su \u00faltima salida, el partido que aceler\u00f3 y culmin\u00f3 la sustituci\u00f3n del t\u00e9cnico Roger Schmidt por Tayfun Korkut.<\/p>\n<p>&nbsp;<\/p>\n<blockquote class=\"twitter-tweet\" data-lang=\"es\">\n<p dir=\"ltr\" lang=\"es\">&#x1f3df; \u00a1El <a href=\"https:\/\/twitter.com\/bayer04_es\">@bayer04_es<\/a> ya se ejercita sobre el c\u00e9sped del Calder\u00f3n!<br \/>\n\u00a1Bienvenidos! &#x1f600;<a href=\"https:\/\/twitter.com\/hashtag\/A%C3%BApaAtleti?src=hash\">#A\u00fapaAtleti<\/a> <a href=\"https:\/\/twitter.com\/hashtag\/AtletiB04?src=hash\">#AtletiB04<\/a> <a href=\"https:\/\/t.co\/HJFalQuKFw\">pic.twitter.com\/HJFalQuKFw<\/a><\/p>\n<p>\u2014 Atl\u00e9tico de Madrid (@Atleti) <a href=\"https:\/\/twitter.com\/Atleti\/status\/841717339481620480\">14 de marzo de 2017<\/a><\/p><\/blockquote>\n<p><script async src=\"\/\/platform.twitter.com\/widgets.js\" charset=\"utf-8\"><\/script><\/p>\n<p>El estreno del nuevo entrenador tampoco alter\u00f3 la inercia de su equipo en este curso: empat\u00f3 en casa con el Werder Bremen, cuarto por abajo (1-1), no hubo apenas cambios en el once tipo que manejaba su predecesor y s\u00f3lo en alg\u00fan matiz de su estilo, m\u00e1s contenido en sus ataques que con Schmidt, hubo alguna diferencia con el pasado.<\/p>\n<p>Adem\u00e1s, llega a Madrid entre una racha de lesiones que obligar\u00e1 al nuevo entrenador a improvisar en la defensa. Ah\u00ed son baja para el choque sus dos centrales titulares, Omar Toprak y Jonathan Tah, y Lars Bender, que hubiera podido ser una alternativa para esa demarcaci\u00f3n, tambi\u00e9n sufre una lesi\u00f3n en un tobillo.<\/p>\n<p><strong>&#8211; Alineaciones probables:<\/strong><\/p>\n<p><strong>Atl\u00e9tico de Madrid:<\/strong> Oblak; Vrsaljko, Gim\u00e9nez, God\u00edn, Lucas; Juanfran, Sa\u00fal, Koke, Gait\u00e1n; Carrasco y Griezmann.<\/p>\n<p><strong>Bayer Leverkusen:<\/strong> Leno; Hilbert, Jedvaj, Dragovic, Wendell; Baumgartlinger, Arang\u00fciz; Bellarabi, Volland, Brandt; y Chicharito.<\/p>\n<p><strong>\u00c1rbitro:<\/strong> Sergei Karasev (Rusia).<\/p>\n<p><strong>Estadio:<\/strong> Vicente Calder\u00f3n.<\/p>\n","protected":false},"excerpt":{"rendered":"<p>Chicharito y las Aspirinas no pudieron con Oblak y quedan eliminados en Octavos de Final.<\/p>\n","protected":false},"author":20,"featured_media":468845,"comment_status":"closed","ping_status":"closed","sticky":false,"template":"","format":"standard","meta":[],"categories":[3841,3839],"tags":[6007,4335,36,120],"_links":{"self":[{"href":"http:\/\/desarrollo.grupomedios.com\/futbol\/wp-json\/wp\/v2\/posts\/468503"}],"collection":[{"href":"http:\/\/desarrollo.grupomedios.com\/futbol\/wp-json\/wp\/v2\/posts"}],"about":[{"href":"http:\/\/desarrollo.grupomedios.com\/futbol\/wp-json\/wp\/v2\/types\/post"}],"author":[{"embeddable":true,"href":"http:\/\/desarrollo.grupomedios.com\/futbol\/wp-json\/wp\/v2\/users\/20"}],"replies":[{"embeddable":true,"href":"http:\/\/desarrollo.grupomedios.com\/futbol\/wp-json\/wp\/v2\/comments?post=468503"}],"version-history":[{"count":48,"href":"http:\/\/desarrollo.grupomedios.com\/futbol\/wp-json\/wp\/v2\/posts\/468503\/revisions"}],"predecessor-version":[{"id":468881,"href":"http:\/\/desarrollo.grupomedios.com\/futbol\/wp-json\/wp\/v2\/posts\/468503\/revisions\/468881"}],"wp:featuredmedia":[{"embeddable":true,"href":"http:\/\/desarrollo.grupomedios.com\/futbol\/wp-json\/wp\/v2\/media\/468845"}],"wp:attachment":[{"href":"http:\/\/desarrollo.grupomedios.com\/futbol\/wp-json\/wp\/v2\/media?parent=468503"}],"wp:term":[{"taxonomy":"category","embeddable":true,"href":"http:\/\/desarrollo.grupomedios.com\/futbol\/wp-json\/wp\/v2\/categories?post=468503"},{"taxonomy":"post_tag","embeddable":true,"href":"http:\/\/desarrollo.grupomedios.com\/futbol\/wp-json\/wp\/v2\/tags?post=468503"}],"curies":[{"name":"wp","href":"https:\/\/api.w.org\/{rel}","templated":true}]}}