{"id":468569,"date":"2017-03-14T17:32:21","date_gmt":"2017-03-14T23:32:21","guid":{"rendered":"https:\/\/www.futboltotal.com.mx\/?p=468569"},"modified":"2017-03-14T17:35:36","modified_gmt":"2017-03-14T23:35:36","slug":"dt-del-bayer-confia-plenamente-en-chicharito","status":"publish","type":"post","link":"http:\/\/desarrollo.grupomedios.com\/futbol\/futbol-internacional\/dt-del-bayer-confia-plenamente-en-chicharito\/2017\/03","title":{"rendered":"DT del Bayer conf\u00eda en la calidad de Chicharito"},"content":{"rendered":"<p><strong>Tayfun Korkut<\/strong>, entrenador del Bayer Leverkusen, resalt\u00f3 este martes la &#8220;confianza&#8221; que tiene en Chicharito y todo su equipo para tratar de conseguir un resultado positivo de vuelta de los octavos de final de la Liga de Campeones ante el Atl\u00e9tico de Madrid.<\/p>\n<blockquote><p>&#8220;Tengo mucha confianza en mi equipo, s\u00e9 sus cualidades y su potencial y podemos hacerle da\u00f1o al Atl\u00e9tico&#8221;, advirti\u00f3 Tayfun, que calific\u00f3 el encuentro en el Vicente Calder\u00f3n como &#8220;un partido m\u00e1s, una oportunidad para conocer m\u00e1s al equipo&#8221;, al tiempo que remarc\u00f3 el objetivo: &#8220;Queremos un buen resultado y remontar&#8221;.<\/p><\/blockquote>\n<p style=\"text-align: center;\"><a href=\"https:\/\/www.futboltotal.com.mx\/futbol-internacional\/\"><span style=\"color: #3366ff;\">LEER M\u00c1S: Todas las noticias de\u00a0futbol internacional<\/span><\/a><\/p>\n<blockquote class=\"twitter-tweet\" data-lang=\"es\">\n<p dir=\"ltr\" lang=\"es\">\u00a1Protegiendo su nuevo \u2018corte de cabello\u2019! <a href=\"https:\/\/twitter.com\/CH14_\">@CH14_<\/a> estren\u00f3 look por una apuesta del <a href=\"https:\/\/twitter.com\/hashtag\/SuperBowl?src=hash\">#SuperBowl<\/a> &#x1f487;\u200d\u2642\ufe0f&#x1f3c8; <a href=\"https:\/\/twitter.com\/hashtag\/AtletiB04?src=hash\">#AtletiB04<\/a> <a href=\"https:\/\/t.co\/FxGefbi0qn\">pic.twitter.com\/FxGefbi0qn<\/a><\/p>\n<p>\u2014 Bayer 04 Leverkusen (@bayer04_es) <a href=\"https:\/\/twitter.com\/bayer04_es\/status\/841748277297057795\">14 de marzo de 2017<\/a><\/p><\/blockquote>\n<p><script async src=\"\/\/platform.twitter.com\/widgets.js\" charset=\"utf-8\"><\/script><br \/>\nEl turco asegur\u00f3 que &#8220;Chicharito es un jugador important\u00edsimo para el Bayer, sabe marcar goles y esperemos que va a empezar ma\u00f1ana (&#8230;).&#8221;; sin embargo destac\u00f3 que &#8220;habr\u00e1 que trabajar mucho como equipo para conseguir un gran resultado&#8221;.<\/p>\n<blockquote><p>&#8220;Ellos tienen a Griezmann, nosotros a &#8216;Chicha&#8217;&#8230; Pero al final juegan once contra once y todos se necesitan en el campo. Espero ma\u00f1ana un esfuerzo como grupo y una solidaridad. Sin eso no podremos enfrentarnos a un rival que sabe mucho de esas cosas. Las individualidades vienen despu\u00e9s del colectivo. Si el colectivo funciona, tenemos jugadores para marcar la diferencia y hacer da\u00f1o&#8221;.<\/p><\/blockquote>\n<p>Tambi\u00e9n elogi\u00f3 al argentino Diego Simeone: &#8220;Si un entrenador lleva tanto tiempo en un club es por algo. Hay un gran trabajo de \u00e9l y tambi\u00e9n de sus ayudantes. Detr\u00e1s de todo eso sabemos que hoy en d\u00eda es dif\u00edcil llevar a\u00f1os en un equipo o que un club aguante a un entrenador tanto tiempo. Y creo que eso dice todo&#8221;.<\/p>\n<p>Korkut vivir\u00e1 su primer partido como entrenador en la Liga de Campeones y asegur\u00f3 que el Leverkusen tratar\u00e1 de vender muy cara la eliminaci\u00f3n.<\/p>\n<blockquote><p>&#8220;Lo importante es hacer lo que haces con muchas ganas. Lo mismo ma\u00f1ana con nuestro equipo. Tenemos muchas ganas de jugar este partido aparte del resultado. Hay que jugar, es un partido especial y vamos a intentar todo para mejorar nuestra situaci\u00f3n durante el partido y cambiar el resultado&#8221;,acot\u00f3.<\/p><\/blockquote>\n<p><strong>S\u00edguenos en Twitter:\u00a0<a href=\"https:\/\/twitter.com\/MXFutbolTotal\" target=\"_blank\">@MXFutbolTotal<\/a><\/strong><\/p>\n","protected":false},"excerpt":{"rendered":"<p>El mexicano y el Leverkusen ma\u00f1ana buscar\u00e1n una remontada ante Atl\u00e9tico en Octavos de Champions. <\/p>\n","protected":false},"author":20,"featured_media":468583,"comment_status":"closed","ping_status":"closed","sticky":false,"template":"","format":"standard","meta":[],"categories":[3841,3839],"tags":[4335,549],"_links":{"self":[{"href":"http:\/\/desarrollo.grupomedios.com\/futbol\/wp-json\/wp\/v2\/posts\/468569"}],"collection":[{"href":"http:\/\/desarrollo.grupomedios.com\/futbol\/wp-json\/wp\/v2\/posts"}],"about":[{"href":"http:\/\/desarrollo.grupomedios.com\/futbol\/wp-json\/wp\/v2\/types\/post"}],"author":[{"embeddable":true,"href":"http:\/\/desarrollo.grupomedios.com\/futbol\/wp-json\/wp\/v2\/users\/20"}],"replies":[{"embeddable":true,"href":"http:\/\/desarrollo.grupomedios.com\/futbol\/wp-json\/wp\/v2\/comments?post=468569"}],"version-history":[{"count":4,"href":"http:\/\/desarrollo.grupomedios.com\/futbol\/wp-json\/wp\/v2\/posts\/468569\/revisions"}],"predecessor-version":[{"id":468590,"href":"http:\/\/desarrollo.grupomedios.com\/futbol\/wp-json\/wp\/v2\/posts\/468569\/revisions\/468590"}],"wp:featuredmedia":[{"embeddable":true,"href":"http:\/\/desarrollo.grupomedios.com\/futbol\/wp-json\/wp\/v2\/media\/468583"}],"wp:attachment":[{"href":"http:\/\/desarrollo.grupomedios.com\/futbol\/wp-json\/wp\/v2\/media?parent=468569"}],"wp:term":[{"taxonomy":"category","embeddable":true,"href":"http:\/\/desarrollo.grupomedios.com\/futbol\/wp-json\/wp\/v2\/categories?post=468569"},{"taxonomy":"post_tag","embeddable":true,"href":"http:\/\/desarrollo.grupomedios.com\/futbol\/wp-json\/wp\/v2\/tags?post=468569"}],"curies":[{"name":"wp","href":"https:\/\/api.w.org\/{rel}","templated":true}]}}