{"id":468589,"date":"2017-03-14T17:51:26","date_gmt":"2017-03-14T23:51:26","guid":{"rendered":"https:\/\/www.futboltotal.com.mx\/?p=468589"},"modified":"2017-03-14T17:51:26","modified_gmt":"2017-03-14T23:51:26","slug":"venimos-a-hacer-partido-casi-perfecto-chicharito","status":"publish","type":"post","link":"http:\/\/desarrollo.grupomedios.com\/futbol\/futbol-internacional\/venimos-a-hacer-partido-casi-perfecto-chicharito\/2017\/03","title":{"rendered":"&#8220;Venimos a hacer un partido casi perfecto&#8221;: Chicharito"},"content":{"rendered":"<p><strong>Bayer Leverkusen<\/strong> buscar\u00e1 este mi\u00e9rcoles su pase a cuartos de final ante Atl\u00e9tico de Madrid en lo que <strong>Chicharito<\/strong> denomin\u00f3 &#8220;una misi\u00f3n casi imposible&#8221; a su llegada a Madrid este martes.<\/p>\n<blockquote><p>&#8220;Sabemos que es casi misi\u00f3n imposible pero venimos para hacer el partido perfecto&#8221;, fueron ls palabras de <strong>Javier Hern\u00e1ndez<\/strong> para algunos medios de comunicaci\u00f3n.<\/p><\/blockquote>\n<p style=\"text-align: center;\"><a href=\"https:\/\/www.futboltotal.com.mx\/2017\/03\/dt-del-bayer-confia-plenamente-en-chicharito\/\" target=\"_blank\">LEER M\u00c1S: DT del Bayer conf\u00eda en la calidad de Chicharito<\/a><\/p>\n<p>Recordemos que Bayer Leverkusen pierde 4-2, con este resultado necesitar\u00eda marcar tres goles y no recibir ninguno para poder eliminar al equipo colchonero. Javier ya sabe lo que es eliminar al Atleti en Champions League, cuando lo vivi\u00f3 con el Real Madrid hace dos a\u00f1os.<\/p>\n<p>S\u00edguenos en Twitter:<a href=\"https:\/\/twitter.com\/MXFutbolTotal\" target=\"_blank\"> @MXFutbolTotal<\/a><\/p>\n","protected":false},"excerpt":{"rendered":"<p>Javier considera que pueden remontar en el Calderon. <\/p>\n","protected":false},"author":20,"featured_media":468598,"comment_status":"closed","ping_status":"closed","sticky":false,"template":"","format":"standard","meta":[],"categories":[3841,3839,6718],"tags":[4335,120,5985],"_links":{"self":[{"href":"http:\/\/desarrollo.grupomedios.com\/futbol\/wp-json\/wp\/v2\/posts\/468589"}],"collection":[{"href":"http:\/\/desarrollo.grupomedios.com\/futbol\/wp-json\/wp\/v2\/posts"}],"about":[{"href":"http:\/\/desarrollo.grupomedios.com\/futbol\/wp-json\/wp\/v2\/types\/post"}],"author":[{"embeddable":true,"href":"http:\/\/desarrollo.grupomedios.com\/futbol\/wp-json\/wp\/v2\/users\/20"}],"replies":[{"embeddable":true,"href":"http:\/\/desarrollo.grupomedios.com\/futbol\/wp-json\/wp\/v2\/comments?post=468589"}],"version-history":[{"count":1,"href":"http:\/\/desarrollo.grupomedios.com\/futbol\/wp-json\/wp\/v2\/posts\/468589\/revisions"}],"predecessor-version":[{"id":468599,"href":"http:\/\/desarrollo.grupomedios.com\/futbol\/wp-json\/wp\/v2\/posts\/468589\/revisions\/468599"}],"wp:featuredmedia":[{"embeddable":true,"href":"http:\/\/desarrollo.grupomedios.com\/futbol\/wp-json\/wp\/v2\/media\/468598"}],"wp:attachment":[{"href":"http:\/\/desarrollo.grupomedios.com\/futbol\/wp-json\/wp\/v2\/media?parent=468589"}],"wp:term":[{"taxonomy":"category","embeddable":true,"href":"http:\/\/desarrollo.grupomedios.com\/futbol\/wp-json\/wp\/v2\/categories?post=468589"},{"taxonomy":"post_tag","embeddable":true,"href":"http:\/\/desarrollo.grupomedios.com\/futbol\/wp-json\/wp\/v2\/tags?post=468589"}],"curies":[{"name":"wp","href":"https:\/\/api.w.org\/{rel}","templated":true}]}}