{"id":468746,"date":"2017-03-15T09:09:19","date_gmt":"2017-03-15T15:09:19","guid":{"rendered":"https:\/\/www.futboltotal.com.mx\/?p=468746"},"modified":"2017-03-15T09:09:19","modified_gmt":"2017-03-15T15:09:19","slug":"madridista-admite-emocion-la-remontada-del-barcelona","status":"publish","type":"post","link":"http:\/\/desarrollo.grupomedios.com\/futbol\/futbol-internacional\/madridista-admite-emocion-la-remontada-del-barcelona\/2017\/03","title":{"rendered":"Un Madridista admite su emoci\u00f3n por la remontada del Barcelona"},"content":{"rendered":"<p>El partido que disputaron la semana pasada <strong>Barcelona<\/strong> y Paris Saint-Germain acapar\u00f3 buena parte de las conversaciones futboleras y de los espacios noticiosos a partir del mi\u00e9rcoles.<\/p>\n<p>Contra todo lo que el sentido com\u00fan indicaba -y con algunas <a href=\"https:\/\/www.futboltotal.com.mx\/2017\/03\/polemicas-arbitrales-manchan-la-remontada-barcelona\/\" target=\"_blank\"><span style=\"color: #3366ff;\"><strong>decisiones arbitrales pol\u00e9micas<\/strong><\/span><\/a>-, los <em>Blaugranas <\/em>consiguieron dar la vuelta a la derrota 4-0 que sufrieron en la ida de los octavos de la Champions League.<\/p>\n<p style=\"text-align: center;\"><a href=\"https:\/\/www.futboltotal.com.mx\/2017\/03\/cracks-enloquecen-la-remontada-del-barca\/\" target=\"_blank\"><span style=\"color: #3366ff;\"><strong>LEER M\u00c1S: Cracks enloquecen con la remontada del Bar\u00e7a<\/strong><\/span><\/a><\/p>\n<p>Tras el duelo celebrado en Par\u00eds, la opini\u00f3n general era que el <em>Bar\u00e7a<\/em> estaba eliminado, pero en el Camp Nou las cosas fueron muy distintas: con un escandaloso triunfo 6-1, el cuadro que dirige Luis Enrique se impuso a la escuadra de la capital francesa y avanz\u00f3 a cuartos.<\/p>\n<p>Naturalmente, el juego qued\u00f3 registrado como uno de los m\u00e1s emotivos cap\u00edtulos de la historia <em>Blaugrana<\/em> y de los m\u00e1s emocionantes de la <em>Champions<\/em> en general. Lo curioso es que no solo los aficionados <em>Cul\u00e9s<\/em> y neutrales lo admitan as\u00ed.<\/p>\n<p style=\"text-align: center;\"><a href=\"https:\/\/www.futboltotal.com.mx\/2017\/03\/messi-pareja-atrapados-en-camp-nou-tras-la-remontada\/\" target=\"_blank\"><span style=\"color: #3366ff;\"><strong>LEER M\u00c1S: Messi y su pareja atrapados en el Camp Nou tras la remontada<\/strong><\/span><\/a><\/p>\n<p>Ahora, incluso un Madridista ha reconocido que el hist\u00f3rico triunfo del <strong>Barcelona<\/strong> lo emocion\u00f3. Y se trata adem\u00e1s de un <em>Merengue<\/em> ilustr\u00edsimo: Vicente del Bosque.<\/p>\n<p>El ex director t\u00e9cnico del Real Madrid y de la selecci\u00f3n espa\u00f1ola concedi\u00f3 una entrevista a RAC1, en la que habl\u00f3 del triunfo de los <em>Cul\u00e9s<\/em> y fue sincero: \u201cMe entusiasm\u00f3 y me gust\u00f3 que el <em>Bar\u00e7a<\/em> pasara ante el PSG\u201d.<\/p>\n<blockquote class=\"twitter-tweet\" data-lang=\"es\">\n<p dir=\"ltr\" lang=\"es\">Vicente Del Bosque, extractos de su entrevista en <a href=\"https:\/\/twitter.com\/rac1\">@rac1<\/a> Un se\u00f1or. <a href=\"https:\/\/t.co\/bGdRhbnhSD\">pic.twitter.com\/bGdRhbnhSD<\/a><\/p>\n<p>\u2014 Rub\u00e9n Ur\u00eda (@rubenuria) <a href=\"https:\/\/twitter.com\/rubenuria\/status\/842016022567784448\">15 de marzo de 2017<\/a><\/p><\/blockquote>\n<p><script async src=\"\/\/platform.twitter.com\/widgets.js\" charset=\"utf-8\"><\/script><\/p>\n<p>Adem\u00e1s, Del Bosque destac\u00f3 un elemento que, para \u00e9l, fue clave para la victoria catalana: \u201cPasaron por el coraje que le pusieron\u201d.<\/p>\n<p><a href=\"https:\/\/twitter.com\/MXFutbolTotal\" target=\"_blank\"><span style=\"color: #3366ff;\"><strong>S\u00edguenos en Twitter: @MXFutbolTotal<\/strong><\/span><\/a><\/p>\n","protected":false},"excerpt":{"rendered":"<p>El Bar\u00e7a consigui\u00f3 lo que parec\u00eda imposible y remontaron el 4-0 sufrido en la ida de octavos de la Champions ante el PSG.<\/p>\n","protected":false},"author":20,"featured_media":467060,"comment_status":"closed","ping_status":"closed","sticky":false,"template":"","format":"standard","meta":[],"categories":[3841,3839,3844,5951],"tags":[2086,5984,97,36,2048,91,5988],"_links":{"self":[{"href":"http:\/\/desarrollo.grupomedios.com\/futbol\/wp-json\/wp\/v2\/posts\/468746"}],"collection":[{"href":"http:\/\/desarrollo.grupomedios.com\/futbol\/wp-json\/wp\/v2\/posts"}],"about":[{"href":"http:\/\/desarrollo.grupomedios.com\/futbol\/wp-json\/wp\/v2\/types\/post"}],"author":[{"embeddable":true,"href":"http:\/\/desarrollo.grupomedios.com\/futbol\/wp-json\/wp\/v2\/users\/20"}],"replies":[{"embeddable":true,"href":"http:\/\/desarrollo.grupomedios.com\/futbol\/wp-json\/wp\/v2\/comments?post=468746"}],"version-history":[{"count":1,"href":"http:\/\/desarrollo.grupomedios.com\/futbol\/wp-json\/wp\/v2\/posts\/468746\/revisions"}],"predecessor-version":[{"id":468748,"href":"http:\/\/desarrollo.grupomedios.com\/futbol\/wp-json\/wp\/v2\/posts\/468746\/revisions\/468748"}],"wp:featuredmedia":[{"embeddable":true,"href":"http:\/\/desarrollo.grupomedios.com\/futbol\/wp-json\/wp\/v2\/media\/467060"}],"wp:attachment":[{"href":"http:\/\/desarrollo.grupomedios.com\/futbol\/wp-json\/wp\/v2\/media?parent=468746"}],"wp:term":[{"taxonomy":"category","embeddable":true,"href":"http:\/\/desarrollo.grupomedios.com\/futbol\/wp-json\/wp\/v2\/categories?post=468746"},{"taxonomy":"post_tag","embeddable":true,"href":"http:\/\/desarrollo.grupomedios.com\/futbol\/wp-json\/wp\/v2\/tags?post=468746"}],"curies":[{"name":"wp","href":"https:\/\/api.w.org\/{rel}","templated":true}]}}