{"id":468798,"date":"2017-03-15T13:00:57","date_gmt":"2017-03-15T19:00:57","guid":{"rendered":"https:\/\/www.futboltotal.com.mx\/?p=468798"},"modified":"2017-03-15T13:00:57","modified_gmt":"2017-03-15T19:00:57","slug":"cecilio-paul-aguilar-reaparecen-america","status":"publish","type":"post","link":"http:\/\/desarrollo.grupomedios.com\/futbol\/futbol-mexicano\/cecilio-paul-aguilar-reaparecen-america\/2017\/03","title":{"rendered":"\u00a1Cecilio y Paul Aguilar reaparecen con Am\u00e9rica!"},"content":{"rendered":"<p>No todo son malas noticias para el club <strong>Am\u00e9rica<\/strong>. Y es que por fin, el lateral derecho <strong>Paul Aguilar<\/strong>\u00a0se ha reincorporado a los entrenamientos del primer equipo y el delantero paraguayo Cecilio Dom\u00ednguez estar\u00e1 disponible para el partido del pr\u00f3ximo domingo ante Pumas.<\/p>\n<p><strong>Paul Aguilar<\/strong> hab\u00eda estado fuera de actividad durante seis meses, tras haber sufrido una rotura de ligamento cruzado en la rodilla derecha el pasado 29 de septiembre, durante un partido de Copa ante Veracruz.<\/p>\n<p>El zaguero fue intervenido en los primeros d\u00edas de octubre y por fin recibi\u00f3 el alta m\u00e9dica que le permiti\u00f3 reincorporarse totalmente a los entrenamientos esta semana. Ahora solo falta que el cuerpo t\u00e9cnico decida cuando volver\u00e1 a darle minutos.<\/p>\n<p style=\"text-align: center;\"><a href=\"https:\/\/www.futboltotal.com.mx\/2017\/03\/america-alista-la-defensa-pablo-aguilar\/\"><span style=\"color: #3366ff;\">LEER M\u00c1S: Am\u00e9rica alista la defensa de Pablo Aguilar<\/span><\/a><\/p>\n<blockquote class=\"twitter-video\" data-lang=\"es\">\n<p dir=\"ltr\" lang=\"es\">Comenzamos la pr\u00e1ctica del d\u00eda <a href=\"https:\/\/twitter.com\/hashtag\/VamosAm%C3%A9rica?src=hash\">#VamosAm\u00e9rica<\/a> <a href=\"https:\/\/t.co\/JBkwLayQkd\">pic.twitter.com\/JBkwLayQkd<\/a><\/p>\n<p>\u2014 Club Am\u00e9rica (@ClubAmerica) <a href=\"https:\/\/twitter.com\/ClubAmerica\/status\/842079004408590337\">15 de marzo de 2017<\/a><\/p><\/blockquote>\n<p><script async src=\"\/\/platform.twitter.com\/widgets.js\" charset=\"utf-8\"><\/script><\/p>\n<p>En tanto, la gran novedad es el refuerzo <strong>Cecilio Dom\u00ednguez, <\/strong>quien\u00a0apunta para reaparecer este fin de semana ante Pumas, tras recuperarse a una la luxaci\u00f3n en el hombro, que sufri\u00f3 en un partido de Copa ante Coras, y que lo tiene fuera de actividad en Liga MX desde la Jornada 6.<\/p>\n<p>Dom\u00ednguez se perdi\u00f3 los partidos contra Guadalajara, Cruz Azul y Le\u00f3n, por lo que este domingo podr\u00eda vivir su primer cl\u00e1sico\u00a0y reencontrarse con el gol, que representar\u00eda su tercer tanto en liga tras los dos que marc\u00f3 en las victorias ante Morelia (1-0) y Veracruz (0-2).<\/p>\n<p><strong>S\u00edguenos en Twitter: <a href=\"https:\/\/twitter.com\/MXFutbolTotal\" target=\"_blank\">@MXFutbolTotal<\/a><\/strong><\/p>\n<p>&nbsp;<\/p>\n","protected":false},"excerpt":{"rendered":"<p>El delantero paraguayo est\u00e1 listo para jugar su primer Cl\u00e1sico en la Liga MX.<\/p>\n","protected":false},"author":20,"featured_media":468807,"comment_status":"closed","ping_status":"closed","sticky":false,"template":"","format":"standard","meta":[],"categories":[2198,3845,5950],"tags":[5959,7881,216],"_links":{"self":[{"href":"http:\/\/desarrollo.grupomedios.com\/futbol\/wp-json\/wp\/v2\/posts\/468798"}],"collection":[{"href":"http:\/\/desarrollo.grupomedios.com\/futbol\/wp-json\/wp\/v2\/posts"}],"about":[{"href":"http:\/\/desarrollo.grupomedios.com\/futbol\/wp-json\/wp\/v2\/types\/post"}],"author":[{"embeddable":true,"href":"http:\/\/desarrollo.grupomedios.com\/futbol\/wp-json\/wp\/v2\/users\/20"}],"replies":[{"embeddable":true,"href":"http:\/\/desarrollo.grupomedios.com\/futbol\/wp-json\/wp\/v2\/comments?post=468798"}],"version-history":[{"count":1,"href":"http:\/\/desarrollo.grupomedios.com\/futbol\/wp-json\/wp\/v2\/posts\/468798\/revisions"}],"predecessor-version":[{"id":468808,"href":"http:\/\/desarrollo.grupomedios.com\/futbol\/wp-json\/wp\/v2\/posts\/468798\/revisions\/468808"}],"wp:featuredmedia":[{"embeddable":true,"href":"http:\/\/desarrollo.grupomedios.com\/futbol\/wp-json\/wp\/v2\/media\/468807"}],"wp:attachment":[{"href":"http:\/\/desarrollo.grupomedios.com\/futbol\/wp-json\/wp\/v2\/media?parent=468798"}],"wp:term":[{"taxonomy":"category","embeddable":true,"href":"http:\/\/desarrollo.grupomedios.com\/futbol\/wp-json\/wp\/v2\/categories?post=468798"},{"taxonomy":"post_tag","embeddable":true,"href":"http:\/\/desarrollo.grupomedios.com\/futbol\/wp-json\/wp\/v2\/tags?post=468798"}],"curies":[{"name":"wp","href":"https:\/\/api.w.org\/{rel}","templated":true}]}}