{"id":468831,"date":"2017-03-15T14:22:54","date_gmt":"2017-03-15T20:22:54","guid":{"rendered":"https:\/\/www.futboltotal.com.mx\/?p=468831"},"modified":"2017-03-15T14:22:54","modified_gmt":"2017-03-15T20:22:54","slug":"marco-fabian-agradecido-real-madrid-apoyo-en-lesion","status":"publish","type":"post","link":"http:\/\/desarrollo.grupomedios.com\/futbol\/futbol-internacional\/marco-fabian-agradecido-real-madrid-apoyo-en-lesion\/2017\/03","title":{"rendered":"Marco Fabi\u00e1n est\u00e1 agradecido con Chicharito y con&#8230; Real Madrid"},"content":{"rendered":"<p>Luego de\u00a0algunos meses en los que estuvo fuera de las canchas, el mexicano <strong>Marco Fabi\u00e1n<\/strong> parece\u00a0haber dejado atr\u00e1s las molestias en su espalda y se dio el tiempo de agradecer a quienes lo apoyaron en su rehabilitaci\u00f3n, entre estos Javier <strong><em>Chicharito<\/em> Hern\u00e1ndez<\/strong> y un club que no es precisamente en el que juega, el <strong>Eintracht Frankfurt<\/strong>, sino el <strong>Real Madrid<\/strong>.<\/p>\n<p>En entrevista para la cadena Fox Sports, el volante ofensivo confes\u00f3 que su compatriota fue clave para que lo contactara con los servicios m\u00e9dicos del club madridista.<\/p>\n<p>&#8220;Me somet\u00ed a muchas inyecciones y tratamientos, prob\u00e9. Gracias a Javier y tuve la oportunidad de atenderme con los servicios m\u00e9dicos del Real Madrid, (estoy) agradecido con ellos con la oportunidad de checarme y de rehabilitarme con ellos&#8221;, mencion\u00f3 <em>Marquito<\/em>.<\/p>\n<p>El mexicano <a href=\"https:\/\/www.futboltotal.com.mx\/2017\/03\/bayern-goleo-al-eintracht-en-regreso-marco-fabian\/\">volvi\u00f3 a la actividad apenas hace unos d\u00edas, en la derrota del Eintracht Frankfurt ante el Bayern Munich<\/a>, ingresando de cambio al minuto 78, aunque no esperaba ver acci\u00f3n en el duelo ante los b\u00e1varos.<\/p>\n<p>&#8220;Fue algo sorprendente, estuve entrenando fuerte, ma\u00f1ana, tarde y noche; un d\u00eda antes me habla Kovac y me dijo que iba a entrar a la lista&#8221;, confes\u00f3 el mexicano.<\/p>\n<p>Incluso, no dej\u00f3 pasar la oportunidad para extender sus agradecimientos hacia el t\u00e9cnico <strong>Juan Carlos Osorio<\/strong>, entrenador de la <strong>Selecci\u00f3n Mexicana<\/strong>, as\u00ed como a Santiago Ba\u00f1os, quienes estuvieron al pendiente de su recuperaci\u00f3n a pesar de que no podr\u00e1 ser parte del Tri para sus duelos del Hexagonal Final de <strong>Concacaf<\/strong> ante <strong>Costa Rica<\/strong> y <strong>Trinidad y Tobago<\/strong>.<\/p>\n<p>&#8220;Agradecido con todos los de la selecci\u00f3n; con Osorio o Ba\u00f1os, que tienen muy buena comunicaci\u00f3n con nosotros a pesar de la distancia&#8221;, agreg\u00f3.<\/p>\n<p class=\"p1\"><span class=\"s1\"><b>S\u00edguenos en Twitter<\/b>:\u00a0<a href=\"https:\/\/twitter.com\/MXFutbolTotal\"><span class=\"s2\">@MXFutbolTotal<\/span><\/a><\/span><\/p>\n","protected":false},"excerpt":{"rendered":"<p>El volante ofensivo confes\u00f3 que su compatriota lo contact\u00f3 con el club madridista.<\/p>\n","protected":false},"author":20,"featured_media":462827,"comment_status":"closed","ping_status":"closed","sticky":false,"template":"","format":"standard","meta":[],"categories":[3839,6822,6718],"tags":[119,120,5985,549,3588,131,5988],"_links":{"self":[{"href":"http:\/\/desarrollo.grupomedios.com\/futbol\/wp-json\/wp\/v2\/posts\/468831"}],"collection":[{"href":"http:\/\/desarrollo.grupomedios.com\/futbol\/wp-json\/wp\/v2\/posts"}],"about":[{"href":"http:\/\/desarrollo.grupomedios.com\/futbol\/wp-json\/wp\/v2\/types\/post"}],"author":[{"embeddable":true,"href":"http:\/\/desarrollo.grupomedios.com\/futbol\/wp-json\/wp\/v2\/users\/20"}],"replies":[{"embeddable":true,"href":"http:\/\/desarrollo.grupomedios.com\/futbol\/wp-json\/wp\/v2\/comments?post=468831"}],"version-history":[{"count":1,"href":"http:\/\/desarrollo.grupomedios.com\/futbol\/wp-json\/wp\/v2\/posts\/468831\/revisions"}],"predecessor-version":[{"id":468840,"href":"http:\/\/desarrollo.grupomedios.com\/futbol\/wp-json\/wp\/v2\/posts\/468831\/revisions\/468840"}],"wp:featuredmedia":[{"embeddable":true,"href":"http:\/\/desarrollo.grupomedios.com\/futbol\/wp-json\/wp\/v2\/media\/462827"}],"wp:attachment":[{"href":"http:\/\/desarrollo.grupomedios.com\/futbol\/wp-json\/wp\/v2\/media?parent=468831"}],"wp:term":[{"taxonomy":"category","embeddable":true,"href":"http:\/\/desarrollo.grupomedios.com\/futbol\/wp-json\/wp\/v2\/categories?post=468831"},{"taxonomy":"post_tag","embeddable":true,"href":"http:\/\/desarrollo.grupomedios.com\/futbol\/wp-json\/wp\/v2\/tags?post=468831"}],"curies":[{"name":"wp","href":"https:\/\/api.w.org\/{rel}","templated":true}]}}