{"id":468854,"date":"2017-03-15T15:06:32","date_gmt":"2017-03-15T21:06:32","guid":{"rendered":"https:\/\/www.futboltotal.com.mx\/?p=468854"},"modified":"2017-03-15T15:06:32","modified_gmt":"2017-03-15T21:06:32","slug":"necaxa-hackeado-grupo-nazi-turquia","status":"publish","type":"post","link":"http:\/\/desarrollo.grupomedios.com\/futbol\/futbol-mexicano\/necaxa-hackeado-grupo-nazi-turquia\/2017\/03","title":{"rendered":"Necaxa es hackeado por grupo nazi de Turqu\u00eda"},"content":{"rendered":"<p><strong>Necaxa<\/strong> ha sido una de las v\u00edctimas de un grupo de hackers nazis que operan en Turqu\u00eda y que se adue\u00f1aron por unos minutos de varias cuentas oficiales para enviar mensajes de apoyo a su gobierno.<\/p>\n<p><a href=\"https:\/\/www.futboltotal.com.mx\/wp-content\/uploads\/2017\/03\/necaxanaziok15032017.jpg\"><img decoding=\"async\" loading=\"lazy\" class=\"alignnone size-full wp-image-468859\" src=\"https:\/\/www.futboltotal.com.mx\/wp-content\/uploads\/2017\/03\/necaxanaziok15032017.jpg\" alt=\"Necaxa es hackeado por grupo nazi de Turqu\u00eda 0\" srcset=\"http:\/\/desarrollo.grupomedios.com\/futbol\/wp-content\/uploads\/2017\/03\/necaxanaziok15032017.jpg 675w, http:\/\/desarrollo.grupomedios.com\/futbol\/wp-content\/uploads\/2017\/03\/necaxanaziok15032017-169x300.jpg 169w, http:\/\/desarrollo.grupomedios.com\/futbol\/wp-content\/uploads\/2017\/03\/necaxanaziok15032017-576x1024.jpg 576w\" sizes=\"(max-width: 675px) 100vw, 675px\" \/><\/a><\/p>\n<p>Los Rayos se unen a las cuentas de Javi Mart\u00ednez y del Borussia Dortmund como v\u00edctimas de estos hackers que se adue\u00f1aron por unos momentos de sus cuentas.<\/p>\n<p>&nbsp;<\/p>\n<blockquote class=\"twitter-tweet\" data-lang=\"es\">\n<p dir=\"ltr\" lang=\"es\">La cuenta oficial del <a href=\"https:\/\/twitter.com\/BVB\">@BVB<\/a> as\u00ed tambi\u00e9n como la del chaval <a href=\"https:\/\/twitter.com\/Javi8martinez\">@Javi8martinez<\/a> sufren ataques hackers en sus perfiles oficiales. &#x1f61e;&#x1f614; <a href=\"https:\/\/t.co\/CQSRWIM9dS\">pic.twitter.com\/CQSRWIM9dS<\/a><\/p>\n<p>\u2014 Borussia Dortmund (@DortmundLatino) <a href=\"https:\/\/twitter.com\/DortmundLatino\/status\/841918504458694656\">15 de marzo de 2017<\/a><\/p><\/blockquote>\n<p><script async src=\"\/\/platform.twitter.com\/widgets.js\" charset=\"utf-8\"><\/script><\/p>\n<p>Pero no solo ellos fueron parte de este manejo de los hackers, pues en la parte de noticias tambi\u00e9n tuvieron que ver en su timeline por un momento este mensaje. La Raz\u00f3n de Espa\u00f1a y Forbes fueron parte de las v\u00edctimas.<\/p>\n<p><a href=\"https:\/\/www.futboltotal.com.mx\/wp-content\/uploads\/2017\/03\/larazonnaziok15032017.jpg\"><img decoding=\"async\" loading=\"lazy\" class=\"alignnone size-full wp-image-468862\" src=\"https:\/\/www.futboltotal.com.mx\/wp-content\/uploads\/2017\/03\/larazonnaziok15032017.jpg\" alt=\"Necaxa es hackeado por grupo nazi de Turqu\u00eda 1\" srcset=\"http:\/\/desarrollo.grupomedios.com\/futbol\/wp-content\/uploads\/2017\/03\/larazonnaziok15032017.jpg 660w, http:\/\/desarrollo.grupomedios.com\/futbol\/wp-content\/uploads\/2017\/03\/larazonnaziok15032017-300x159.jpg 300w\" sizes=\"(max-width: 660px) 100vw, 660px\" \/><\/a><\/p>\n","protected":false},"excerpt":{"rendered":"<p>El Twitter de los Rayos sufri\u00f3 un ataque cibern\u00e9tico. <\/p>\n","protected":false},"author":20,"featured_media":468864,"comment_status":"closed","ping_status":"closed","sticky":false,"template":"","format":"standard","meta":[],"categories":[5419,2198,3845],"tags":[6047,261],"_links":{"self":[{"href":"http:\/\/desarrollo.grupomedios.com\/futbol\/wp-json\/wp\/v2\/posts\/468854"}],"collection":[{"href":"http:\/\/desarrollo.grupomedios.com\/futbol\/wp-json\/wp\/v2\/posts"}],"about":[{"href":"http:\/\/desarrollo.grupomedios.com\/futbol\/wp-json\/wp\/v2\/types\/post"}],"author":[{"embeddable":true,"href":"http:\/\/desarrollo.grupomedios.com\/futbol\/wp-json\/wp\/v2\/users\/20"}],"replies":[{"embeddable":true,"href":"http:\/\/desarrollo.grupomedios.com\/futbol\/wp-json\/wp\/v2\/comments?post=468854"}],"version-history":[{"count":1,"href":"http:\/\/desarrollo.grupomedios.com\/futbol\/wp-json\/wp\/v2\/posts\/468854\/revisions"}],"predecessor-version":[{"id":468866,"href":"http:\/\/desarrollo.grupomedios.com\/futbol\/wp-json\/wp\/v2\/posts\/468854\/revisions\/468866"}],"wp:featuredmedia":[{"embeddable":true,"href":"http:\/\/desarrollo.grupomedios.com\/futbol\/wp-json\/wp\/v2\/media\/468864"}],"wp:attachment":[{"href":"http:\/\/desarrollo.grupomedios.com\/futbol\/wp-json\/wp\/v2\/media?parent=468854"}],"wp:term":[{"taxonomy":"category","embeddable":true,"href":"http:\/\/desarrollo.grupomedios.com\/futbol\/wp-json\/wp\/v2\/categories?post=468854"},{"taxonomy":"post_tag","embeddable":true,"href":"http:\/\/desarrollo.grupomedios.com\/futbol\/wp-json\/wp\/v2\/tags?post=468854"}],"curies":[{"name":"wp","href":"https:\/\/api.w.org\/{rel}","templated":true}]}}