{"id":468873,"date":"2017-03-15T15:50:55","date_gmt":"2017-03-15T21:50:55","guid":{"rendered":"https:\/\/www.futboltotal.com.mx\/?p=468873"},"modified":"2017-03-15T16:03:02","modified_gmt":"2017-03-15T22:03:02","slug":"resultado-champions-league-atletico-0-0-leverkusen","status":"publish","type":"post","link":"http:\/\/desarrollo.grupomedios.com\/futbol\/destacado-home\/resultado-champions-league-atletico-0-0-leverkusen\/2017\/03","title":{"rendered":"\u00a1Bayer y Chicharito, eliminados de la Champions!"},"content":{"rendered":"<p>Fue imposible que el <strong>Bayer Leverkusen\u00a0<\/strong>y el mexicano <strong>Chicharito Hern\u00e1ndez<\/strong> consiguieran una milagrosa voltereta en el Vicente Calder\u00f3n. El arquero Jan Oblak ataj\u00f3 todo y el Atl\u00e9tico firm\u00f3 su pasaporte al sorteo de los Cuartos de Final de la UEFA Champions League.<\/p>\n<p>Las <em>Aspirinas <\/em>sucumbieron como estaba previsto despu\u00e9s de haber ca\u00eddo en la Ida por marcador de 2-4. Aunque mostraron un cambio radical y dieron guerra de principio a fin buscando el gol, no lograron batir al guardameta esloveno, imponente con cinco atajadas en el segundo tiempo.<\/p>\n<p style=\"text-align: center;\"><span style=\"color: #3366ff;\">VER M\u00c1S: AS\u00cd SE VIVI\u00d3 | Atl\u00e9tico 0-0 Bayer Leverkusen | Champions League<\/span><\/p>\n<blockquote class=\"twitter-tweet\" data-lang=\"es\">\n<p dir=\"ltr\" lang=\"es\">Se termin\u00f3 nuestro camino en esta edici\u00f3n de la <a href=\"https:\/\/twitter.com\/LigadeCampeones\">@LigadeCampeones<\/a>.<\/p>\n<p>A nuestra afici\u00f3n en el estadio y alrededor del mundo: \u00a1GRACIAS! \u26ab\ufe0f&#x1f64c;&#x1f534; <a href=\"https:\/\/t.co\/EUAfQFy6vI\">pic.twitter.com\/EUAfQFy6vI<\/a><\/p>\n<p>\u2014 Bayer 04 Leverkusen (@bayer04_es) <a href=\"https:\/\/twitter.com\/bayer04_es\/status\/842127288992948240\">15 de marzo de 2017<\/a><\/p><\/blockquote>\n<p><script async src=\"\/\/platform.twitter.com\/widgets.js\" charset=\"utf-8\"><\/script><\/p>\n<p style=\"text-align: left;\">Con <strong>Chicharito Hern\u00e1ndez<\/strong> por bandera, el Leverkusen tuvo un par de ocasiones claras en el primer tiempo. El mexicano dio el primer aviso antes del cuarto de hora con un zurdazo que pas\u00f3 por encima del larguero y luego remat\u00f3 con una media vuelta que tap\u00f3 el defensa Diego God\u00edn.<\/p>\n<p style=\"text-align: left;\">Y antes del descanso, el Atl\u00e9tico tambi\u00e9n tuvo para marcar al menos un par de goles. Koke y Correa pusieron los pelos de punta a los miles de aficionados colchoneros con dos tiros a quemarropa que ataj\u00f3 con dos lances espectaculares el portero Bernd Leno.<\/p>\n<p style=\"text-align: left;\">El <strong>Leverkusen<\/strong> sali\u00f3 entusiasta al complemento, pero un Atl\u00e9tico reenganchado y volc\u00e1nico lo puso a sufrir y, de no ser por dos fallas garrafales de Correa y Griezmann, el gol pudo caer en un parpadeo. Las pifias del Atl\u00e9tico dieron vida al Bayer y fue entonces cuando apareci\u00f3 Jan Oblak como figura del partido. Con tres atajadas a Brandt, Volland y <strong>Chicharito<\/strong>, neg\u00f3 el gol y, poco despu\u00e9s tambi\u00e9n desquici\u00f3 a Bailey y Kampl.<\/p>\n<p style=\"text-align: left;\">Sin goles en el Calder\u00f3n, el Atl\u00e9tico apel\u00f3 al resultado 2-4 que logr\u00f3 en la Ida \u00a0para echar al Leverkusen, y sentenciar su pase a los Cuartos de Final de la Champions League, cuyo sorteo ser\u00e1 este viernes en Nyon, Suiza.<\/p>\n<p style=\"text-align: left;\"><strong>S\u00edguenos en Twitter:\u00a0<a href=\"https:\/\/twitter.com\/MXFutbolTotal\">@MXFutbolTotal<\/a><\/strong><\/p>\n<p style=\"text-align: left;\">\n","protected":false},"excerpt":{"rendered":"<p>El Atl\u00e9tico avanza a los Cuartos de Final e Champions League tras imponerse con global 2-4.  <\/p>\n","protected":false},"author":20,"featured_media":468885,"comment_status":"closed","ping_status":"closed","sticky":false,"template":"","format":"standard","meta":[],"categories":[3841,5,3839],"tags":[4335,36,549],"_links":{"self":[{"href":"http:\/\/desarrollo.grupomedios.com\/futbol\/wp-json\/wp\/v2\/posts\/468873"}],"collection":[{"href":"http:\/\/desarrollo.grupomedios.com\/futbol\/wp-json\/wp\/v2\/posts"}],"about":[{"href":"http:\/\/desarrollo.grupomedios.com\/futbol\/wp-json\/wp\/v2\/types\/post"}],"author":[{"embeddable":true,"href":"http:\/\/desarrollo.grupomedios.com\/futbol\/wp-json\/wp\/v2\/users\/20"}],"replies":[{"embeddable":true,"href":"http:\/\/desarrollo.grupomedios.com\/futbol\/wp-json\/wp\/v2\/comments?post=468873"}],"version-history":[{"count":4,"href":"http:\/\/desarrollo.grupomedios.com\/futbol\/wp-json\/wp\/v2\/posts\/468873\/revisions"}],"predecessor-version":[{"id":468896,"href":"http:\/\/desarrollo.grupomedios.com\/futbol\/wp-json\/wp\/v2\/posts\/468873\/revisions\/468896"}],"wp:featuredmedia":[{"embeddable":true,"href":"http:\/\/desarrollo.grupomedios.com\/futbol\/wp-json\/wp\/v2\/media\/468885"}],"wp:attachment":[{"href":"http:\/\/desarrollo.grupomedios.com\/futbol\/wp-json\/wp\/v2\/media?parent=468873"}],"wp:term":[{"taxonomy":"category","embeddable":true,"href":"http:\/\/desarrollo.grupomedios.com\/futbol\/wp-json\/wp\/v2\/categories?post=468873"},{"taxonomy":"post_tag","embeddable":true,"href":"http:\/\/desarrollo.grupomedios.com\/futbol\/wp-json\/wp\/v2\/tags?post=468873"}],"curies":[{"name":"wp","href":"https:\/\/api.w.org\/{rel}","templated":true}]}}