{"id":468874,"date":"2017-03-15T15:54:28","date_gmt":"2017-03-15T21:54:28","guid":{"rendered":"https:\/\/www.futboltotal.com.mx\/?p=468874"},"modified":"2017-03-15T15:54:28","modified_gmt":"2017-03-15T21:54:28","slug":"federacion-se-toma-la-copa-mx-en-serio-miguel-herrera","status":"publish","type":"post","link":"http:\/\/desarrollo.grupomedios.com\/futbol\/futbol-mexicano\/federacion-se-toma-la-copa-mx-en-serio-miguel-herrera\/2017\/03","title":{"rendered":"&#8220;Federaci\u00f3n no se toma la Copa MX en serio&#8221;: Miguel Herrera"},"content":{"rendered":"<p><strong>Miguel Herrera<\/strong> mostr\u00f3 su molestia hacia la Federaci\u00f3n Mexicana de Futbol luego de que Morelia eliminara a <strong>Tijuana<\/strong> en las semifinales de la Copa MX.<\/p>\n<p><strong><em>Piojo<\/em><\/strong> sali\u00f3 enojado porque la <strong>Liga<\/strong> decidi\u00f3 mandar a dos \u00e1rbitros sin experiencia en la primera divisi\u00f3n a dirigir juegos e cuartos de final de <strong>Copa MX.\u00a0<\/strong><\/p>\n<blockquote><p>&#8220;A m\u00ed me queda claro que la Federaci\u00f3n no se toma la Copa MX en serio, luego dicen que somos nosotros, pero ellos tampoco porque mandan a los \u00e1rbitros que no pitan normalmente en la Liga&#8221;, declar\u00f3 el estratega.<\/p><\/blockquote>\n<p><strong>Miguel<\/strong> ped\u00eda que a silbantes de mayor nivel en esta instancia del torneo.<\/p>\n<p style=\"text-align: center;\"><a href=\"https:\/\/www.futboltotal.com.mx\/2017\/03\/vucetich-dijo-al-america-cobra-fuerza-la-vuelta-del-piojo-herrera\/\" target=\"_blank\">LEER M\u00c1S: Vucetich dijo no al Am\u00e9rica y cobra fuerza la vuelta del Piojo<\/a><\/p>\n<blockquote><p>&#8220;\u00bfCu\u00e1l es la exigencia de la Comisi\u00f3n de \u00c1rbitros de no poner silbantes de mejor calidad? Ya en estas instancias, por lo menos \u00a1Qu\u00e9 les cuesta mandar un \u00e1rbitro de mejor calidad! Sabiendo lo que se est\u00e1 jugando, a matar a morir y aqu\u00ed un error de ellos nos cuesta un partido&#8221;, puntualiz\u00f3 <strong>Herrera.\u00a0<\/strong><\/p><\/blockquote>\n<p>Para finalizar el entrenador de <strong>Xolos<\/strong> no pudo tapar el sol con un dedo y reconoci\u00f3 que la derrota de su equipo fue un fracaso total.<\/p>\n<blockquote><p>&#8220;S\u00ed, es un fracaso la derrota de hoy, cuando uno busca llegar a la final y levantar una copa y no lo logras, por supuesto que es un fracaso&#8221;, finaliz\u00f3 <strong>Miguel.\u00a0<\/strong><\/p><\/blockquote>\n","protected":false},"excerpt":{"rendered":"<p>El &#8216;Piojo&#8217; explot\u00f3 en contra de la Federaci\u00f3n. <\/p>\n","protected":false},"author":20,"featured_media":468889,"comment_status":"closed","ping_status":"closed","sticky":false,"template":"","format":"standard","meta":[],"categories":[2198,3845],"tags":[255,5974],"_links":{"self":[{"href":"http:\/\/desarrollo.grupomedios.com\/futbol\/wp-json\/wp\/v2\/posts\/468874"}],"collection":[{"href":"http:\/\/desarrollo.grupomedios.com\/futbol\/wp-json\/wp\/v2\/posts"}],"about":[{"href":"http:\/\/desarrollo.grupomedios.com\/futbol\/wp-json\/wp\/v2\/types\/post"}],"author":[{"embeddable":true,"href":"http:\/\/desarrollo.grupomedios.com\/futbol\/wp-json\/wp\/v2\/users\/20"}],"replies":[{"embeddable":true,"href":"http:\/\/desarrollo.grupomedios.com\/futbol\/wp-json\/wp\/v2\/comments?post=468874"}],"version-history":[{"count":1,"href":"http:\/\/desarrollo.grupomedios.com\/futbol\/wp-json\/wp\/v2\/posts\/468874\/revisions"}],"predecessor-version":[{"id":468890,"href":"http:\/\/desarrollo.grupomedios.com\/futbol\/wp-json\/wp\/v2\/posts\/468874\/revisions\/468890"}],"wp:featuredmedia":[{"embeddable":true,"href":"http:\/\/desarrollo.grupomedios.com\/futbol\/wp-json\/wp\/v2\/media\/468889"}],"wp:attachment":[{"href":"http:\/\/desarrollo.grupomedios.com\/futbol\/wp-json\/wp\/v2\/media?parent=468874"}],"wp:term":[{"taxonomy":"category","embeddable":true,"href":"http:\/\/desarrollo.grupomedios.com\/futbol\/wp-json\/wp\/v2\/categories?post=468874"},{"taxonomy":"post_tag","embeddable":true,"href":"http:\/\/desarrollo.grupomedios.com\/futbol\/wp-json\/wp\/v2\/tags?post=468874"}],"curies":[{"name":"wp","href":"https:\/\/api.w.org\/{rel}","templated":true}]}}