{"id":468876,"date":"2017-03-15T15:40:20","date_gmt":"2017-03-15T21:40:20","guid":{"rendered":"https:\/\/www.futboltotal.com.mx\/?p=468876"},"modified":"2017-03-15T15:40:20","modified_gmt":"2017-03-15T21:40:20","slug":"decio-de-maria-sera-vicepresidente-de-la-concacaf","status":"publish","type":"post","link":"http:\/\/desarrollo.grupomedios.com\/futbol\/destacado-home\/decio-de-maria-sera-vicepresidente-de-la-concacaf\/2017\/03","title":{"rendered":"Decio de Mar\u00eda ser\u00e1 vicepresidente de la CONCACAF"},"content":{"rendered":"<p>La <strong>CONCACAF<\/strong> anunci\u00f3 los puntos a abordar durante el congreso que efectuar\u00e1n en abril, donde destaca, las elecciones para consejo del organismo, donde <strong>Decio de Mar\u00eda<\/strong> compite por una vicepresidencia, sin contendiente.<\/p>\n<p>El 8 de abril se reunir\u00e1n los miembros de la <strong>CONCACAF<\/strong>, en el Renaissance Hotel en Oranjestad, Aruba; donde Decio de Mar\u00eda ser\u00e1 designado como viceprecidente de Norteamerica, cargo que ocupar\u00e1 a partir de ese d\u00eda, en el marco del XXXII Congreso Ordinario.<\/p>\n<p>Adem\u00e1s del lugar de <strong>Decio de Mar\u00eda<\/strong>, habr\u00e1 otras cinco designaciones, cuatro de ellas, igual que las del mexicano, con un \u00fanico contendiente. A continuaci\u00f3n, compartimos los puestos que tendr\u00e1n nuevo titular en la <strong>CONCACAF<\/strong>:<\/p>\n<p style=\"text-align: center;\"><span style=\"color: #3366ff;\"><a style=\"color: #3366ff;\" href=\"https:\/\/www.futboltotal.com.mx\/2017\/03\/ex-arbitro-liga-mx-tunde-a-los-lideres-la-huelga-jornada-10\/\" target=\"_blank\"><strong>LEER M\u00c1S: Ex \u00e1rbitro tunde a l\u00edderes de huelga<\/strong><\/a><\/span><\/p>\n<p>Vicepresidente | Norteam\u00e9rica (NAFU) | Decio de Mar\u00eda, M\u00e9xico (titular, sin oposici\u00f3n)<\/p>\n<p>Vicepresidente | Centroam\u00e9rica (UNCAF) | Rodolfo Villalobos, Costa Rica (titular, sin oposici\u00f3n)<\/p>\n<p>Miembro | Norteam\u00e9rica (NAFU) | Carlos Cordeiro, Estados Unidos (sin oposici\u00f3n)<\/p>\n<p>Miembro | Centroam\u00e9rica (UNCAF) | Jorge Rajo, El Salvador (titular, sin oposici\u00f3n)<\/p>\n<p>Miembro | Caribe (CFU) | Candidatos postulantes para el puesto: Maurice Victoire, Martinica; John Krishnadath, Surinam.<\/p>\n<p>Consejo de la FIFA | Miembro | Norteam\u00e9rica (NAFU) | Sunil Gulati, Estados Unidos (titular, sin oposici\u00f3n)<\/p>\n<p><strong>S\u00edguenos en Twitter<\/strong>: <a href=\"https:\/\/twitter.com\/MXFutbolTotal\" target=\"_blank\">@MXFutbolTotal<\/a><\/p>\n","protected":false},"excerpt":{"rendered":"<p>El directivo se sumar\u00e1 a una labor de mayor peso, en los pr\u00f3ximos meses.<\/p>\n","protected":false},"author":20,"featured_media":468879,"comment_status":"closed","ping_status":"closed","sticky":false,"template":"","format":"standard","meta":[],"categories":[5,3839,2198],"tags":[282,956,142],"_links":{"self":[{"href":"http:\/\/desarrollo.grupomedios.com\/futbol\/wp-json\/wp\/v2\/posts\/468876"}],"collection":[{"href":"http:\/\/desarrollo.grupomedios.com\/futbol\/wp-json\/wp\/v2\/posts"}],"about":[{"href":"http:\/\/desarrollo.grupomedios.com\/futbol\/wp-json\/wp\/v2\/types\/post"}],"author":[{"embeddable":true,"href":"http:\/\/desarrollo.grupomedios.com\/futbol\/wp-json\/wp\/v2\/users\/20"}],"replies":[{"embeddable":true,"href":"http:\/\/desarrollo.grupomedios.com\/futbol\/wp-json\/wp\/v2\/comments?post=468876"}],"version-history":[{"count":3,"href":"http:\/\/desarrollo.grupomedios.com\/futbol\/wp-json\/wp\/v2\/posts\/468876\/revisions"}],"predecessor-version":[{"id":468884,"href":"http:\/\/desarrollo.grupomedios.com\/futbol\/wp-json\/wp\/v2\/posts\/468876\/revisions\/468884"}],"wp:featuredmedia":[{"embeddable":true,"href":"http:\/\/desarrollo.grupomedios.com\/futbol\/wp-json\/wp\/v2\/media\/468879"}],"wp:attachment":[{"href":"http:\/\/desarrollo.grupomedios.com\/futbol\/wp-json\/wp\/v2\/media?parent=468876"}],"wp:term":[{"taxonomy":"category","embeddable":true,"href":"http:\/\/desarrollo.grupomedios.com\/futbol\/wp-json\/wp\/v2\/categories?post=468876"},{"taxonomy":"post_tag","embeddable":true,"href":"http:\/\/desarrollo.grupomedios.com\/futbol\/wp-json\/wp\/v2\/tags?post=468876"}],"curies":[{"name":"wp","href":"https:\/\/api.w.org\/{rel}","templated":true}]}}