{"id":468909,"date":"2017-03-15T16:30:46","date_gmt":"2017-03-15T22:30:46","guid":{"rendered":"https:\/\/www.futboltotal.com.mx\/?p=468909"},"modified":"2017-03-15T16:30:46","modified_gmt":"2017-03-15T22:30:46","slug":"simeone-cuatro-cuatro-en-champions-league","status":"publish","type":"post","link":"http:\/\/desarrollo.grupomedios.com\/futbol\/futbol-internacional\/simeone-cuatro-cuatro-en-champions-league\/2017\/03","title":{"rendered":"Simeone, cuatro de cuatro en Champions"},"content":{"rendered":"<p>Diego Pablo Simeone, entrenador del Atl\u00e9tico de Madrid, ha logrado, tras eliminar al Bayer Leverkusen (2-4 y 0-0), colocar a su equipo por cuarta vez, de forma consecutiva, en los cuartos de final de la Copa de Europa, la noche en la que Fernando Torres volvi\u00f3 a recibir el cari\u00f1o de los suyos.<\/p>\n<p>En un estadio Calder\u00f3n lleno hasta la bandera y que ha iniciado ya la cuenta atr\u00e1s hasta la mudanza al Wanda Metropolitano, el mejor Atl\u00e9tico de la historia no dej\u00f3 lugar a la sorpresa. Despu\u00e9s del 2-4 logrado en Leverkusen hace quince d\u00edas no se pod\u00eda presagiar otra cosa y los rojiblancos se han situado de nuevo entre los ocho mejores conjuntos del Viejo Continente, por novena ocasi\u00f3n en sus 114 a\u00f1os de vida.<\/p>\n<p>https:\/\/twitter.com\/Atleti\/status\/842133187044208641<\/p>\n<p>El m\u00e1ximo responsable de la gesta es su entrenador, el argentino Cholo Simeone, subcampe\u00f3n en dos de las tres \u00faltimas finales, en Lisboa (2014) y Mil\u00e1n (2016), perdidas ante el Real Madrid. En Portugal, tras el gol de Sergio Ramos en el minuto 93, que daba paso a la pr\u00f3rroga; y en Italia en la tanda de penaltis, tras fallar Juanfran Torres el suyo.<\/p>\n<p>A partido le falt\u00f3 tensi\u00f3n. Con los dos equipos conscientes de que todo estaba pr\u00e1cticamente ventilado tras el encuentro de ida, el duelo de vuelta fue de celebraci\u00f3n para la hinchada local, que festej\u00f3 el pase adelante en un torneo que el Atl\u00e9tico tiene entre ceja y ceja despu\u00e9s de las dos finales perdidas. Estar en Cardiff el s\u00e1bado 3 de junio es el gran objetivo del club.<\/p>\n<p style=\"text-align: center;\"><span style=\"color: #3366ff;\"><a style=\"color: #3366ff;\" href=\"https:\/\/www.futboltotal.com.mx\/2017\/03\/resultado-champions-league-atletico-0-0-leverkusen\/\">LEER M\u00c1S: \u00a1Bayer y Chicharito, eliminados de la Champions!<\/a><\/span><\/p>\n<p>El &#8216;Ni\u00f1o&#8217;, que dio el susto en el partido ante el Deportivo en Riazor el pasado 3 de marzo al caer al suelo tras un choque con Alex Berganti\u00f1os, recibi\u00f3 la ovaci\u00f3n de la noche, aunque finalmente no salt\u00f3 al terreno de juego. S\u00ed lo hizo por el Bayer Leverkusen el mexicano &#8216;Chicharito&#8217; Hern\u00e1ndez, titular en su equipo y que fue obsequiado con una sonora bronca cuando fue sustituido en el \u00faltimo tramo del envite. La afici\u00f3n le record\u00f3 sus pasado madridista.<\/p>\n<p>La aclamaci\u00f3n a Torres por una hinchada que pidi\u00f3 al Cholo que lo sacase al campo, fue uno de los momentos m\u00e1s emotivos de la noche. Otro, la triple intervenci\u00f3n del esloveno Jan Oblak en el minuto 68, tras un error de Jose Mar\u00eda Gim\u00e9nez. Tres paradones a tres tiros a quemarropa y un cuarto que sali\u00f3 fuera, levantaron al p\u00fablico de sus asientos.<\/p>\n<p>Hasta el final, los c\u00e1nticos se sucedieron. El Atl\u00e9tico conmemor\u00f3 su clasificaci\u00f3n y el &#8216;Cholo&#8217; firm\u00f3 otra gran noche, la de su poker de presencias correlativas en los cuartos de la Copa de Europa. Adem\u00e1s, dos finales de la m\u00e1xima competici\u00f3n, una Liga Europa, una Copa del Rey, una Supercopa de Espa\u00f1a, una de Europa y una Liga le contemplan. Simeone, cuatro de cuatro y Cardiff en el horizonte. EFE.<\/p>\n","protected":false},"excerpt":{"rendered":"<p>El Cholo pas\u00f3 a los Cuartos de Final por cuarta ocasi\u00f3n consecutiva.<\/p>\n","protected":false},"author":144,"featured_media":451078,"comment_status":"closed","ping_status":"closed","sticky":false,"template":"","format":"standard","meta":[],"categories":[3839],"tags":[6007,1384,6214],"_links":{"self":[{"href":"http:\/\/desarrollo.grupomedios.com\/futbol\/wp-json\/wp\/v2\/posts\/468909"}],"collection":[{"href":"http:\/\/desarrollo.grupomedios.com\/futbol\/wp-json\/wp\/v2\/posts"}],"about":[{"href":"http:\/\/desarrollo.grupomedios.com\/futbol\/wp-json\/wp\/v2\/types\/post"}],"author":[{"embeddable":true,"href":"http:\/\/desarrollo.grupomedios.com\/futbol\/wp-json\/wp\/v2\/users\/144"}],"replies":[{"embeddable":true,"href":"http:\/\/desarrollo.grupomedios.com\/futbol\/wp-json\/wp\/v2\/comments?post=468909"}],"version-history":[{"count":1,"href":"http:\/\/desarrollo.grupomedios.com\/futbol\/wp-json\/wp\/v2\/posts\/468909\/revisions"}],"predecessor-version":[{"id":468912,"href":"http:\/\/desarrollo.grupomedios.com\/futbol\/wp-json\/wp\/v2\/posts\/468909\/revisions\/468912"}],"wp:featuredmedia":[{"embeddable":true,"href":"http:\/\/desarrollo.grupomedios.com\/futbol\/wp-json\/wp\/v2\/media\/451078"}],"wp:attachment":[{"href":"http:\/\/desarrollo.grupomedios.com\/futbol\/wp-json\/wp\/v2\/media?parent=468909"}],"wp:term":[{"taxonomy":"category","embeddable":true,"href":"http:\/\/desarrollo.grupomedios.com\/futbol\/wp-json\/wp\/v2\/categories?post=468909"},{"taxonomy":"post_tag","embeddable":true,"href":"http:\/\/desarrollo.grupomedios.com\/futbol\/wp-json\/wp\/v2\/tags?post=468909"}],"curies":[{"name":"wp","href":"https:\/\/api.w.org\/{rel}","templated":true}]}}