{"id":468961,"date":"2017-03-15T19:01:25","date_gmt":"2017-03-16T01:01:25","guid":{"rendered":"https:\/\/www.futboltotal.com.mx\/?p=468961"},"modified":"2017-03-16T13:12:47","modified_gmt":"2017-03-16T19:12:47","slug":"carlos-reinoso-dejo-dt-veracruz","status":"publish","type":"post","link":"http:\/\/desarrollo.grupomedios.com\/futbol\/futbol-mexicano\/carlos-reinoso-dejo-dt-veracruz\/2017\/03","title":{"rendered":"Carlos Reinoso dej\u00f3 el banquillo de Veracruz"},"content":{"rendered":"<p><strong>Veracruz<\/strong>\u00a0confirm\u00f3 este mi\u00e9rcoles que el\u00a0director t\u00e9cnico <strong>Carlos Reinoso<\/strong> no continuar\u00e1 dirigiendo al primer equipo tras haber sido\u00a0diagnosticado con diverticulosis.<\/p>\n<p>&#8220;<strong>Carlos Reinoso<\/strong> deja al Veracruz por razones m\u00e9dicas y su lugar lo toma su hijo junto a Cristobal Ortega&#8230;&#8221;, public\u00f3 Jose Ram\u00f3n Fern\u00e1nez en su cuenta de <em>twitter<\/em>. &#8220;Primera medida fuera 11 jugadores&#8221;, agreg\u00f3 el periodista de <em>ESPN.<\/em><\/p>\n<p style=\"text-align: center;\"><a href=\"https:\/\/www.futboltotal.com.mx\/2017\/03\/veracruz-aviso-a-jugadores-que-separo-del-plantel-por-whatsapp\/\"><span style=\"color: #3366ff;\">VER M\u00c1S: 11 jugadores son separados del plante del Veracruz<\/span><\/a><\/p>\n<blockquote class=\"twitter-tweet\" data-lang=\"es\">\n<p dir=\"ltr\" lang=\"es\">Carlos Reinoso deja al Veracruz por razones m\u00e9dicas y su lugar lo toma su hijo junto a Crist\u00f3bal Ortega, primera medida fuera 11 jugadores<\/p>\n<p>\u2014 Jos\u00e9 Ram\u00f3n Fern\u00e1ndez (@joserra_espn) 15 de marzo de 2017<\/p><\/blockquote>\n<p><script async src=\"\/\/platform.twitter.com\/widgets.js\" charset=\"utf-8\"><\/script><\/p>\n<p>El<em> Maestro<\/em>\u00a0present\u00f3 problemas de salud la semana pasada y acudi\u00f3 al m\u00e9dico para realizarse algunos estudios. El club ten\u00eda pleno conocimiento de ello y la plantilla estuvo entrenando con su hijo Reinoso Arriagada y su auxiliar Juan Antonio Luna. Don Carlos confiaba en seguir en el banquillo, pero\u00a0tras conocer los resultados notific\u00f3 a la directiva que tendr\u00eda que dejar al equipo.<\/p>\n<p><strong>Veracruz<\/strong> est\u00e1 en el sitio 16 de la clasificaci\u00f3n con solo 9 puntos y es el \u00faltimo equipo en la Tabla Porcentual. Jugar\u00e1 con el cuchillo entre los dientes las ocho jornadas que restan del Clausura 2017, en las que luchar\u00e1 por no descender. La directiva <a href=\"https:\/\/www.futboltotal.com.mx\/2017\/03\/veracruz-aclara-la-situacion-plantel\/\" target=\"_blank\">ha confirmado que el estratega ya no podr\u00e1 dirigir<\/a>, pero no aclar\u00f3 en qu\u00e9 terminos est\u00e1 su relaci\u00f3n contractual.<\/p>\n<p><strong>S\u00edguenos en Twitter:<\/strong> <a href=\"https:\/\/twitter.com\/MXFutbolTotal\" target=\"_blank\">@MXFutbolTotal<\/a><\/p>\n","protected":false},"excerpt":{"rendered":"<p>Debido a problemas de salud, el Maestro ya no dirigir\u00e1 a los escualos. <\/p>\n","protected":false},"author":20,"featured_media":468966,"comment_status":"closed","ping_status":"closed","sticky":false,"template":"","format":"standard","meta":[],"categories":[2198,3845],"tags":[4538,6049],"_links":{"self":[{"href":"http:\/\/desarrollo.grupomedios.com\/futbol\/wp-json\/wp\/v2\/posts\/468961"}],"collection":[{"href":"http:\/\/desarrollo.grupomedios.com\/futbol\/wp-json\/wp\/v2\/posts"}],"about":[{"href":"http:\/\/desarrollo.grupomedios.com\/futbol\/wp-json\/wp\/v2\/types\/post"}],"author":[{"embeddable":true,"href":"http:\/\/desarrollo.grupomedios.com\/futbol\/wp-json\/wp\/v2\/users\/20"}],"replies":[{"embeddable":true,"href":"http:\/\/desarrollo.grupomedios.com\/futbol\/wp-json\/wp\/v2\/comments?post=468961"}],"version-history":[{"count":8,"href":"http:\/\/desarrollo.grupomedios.com\/futbol\/wp-json\/wp\/v2\/posts\/468961\/revisions"}],"predecessor-version":[{"id":469126,"href":"http:\/\/desarrollo.grupomedios.com\/futbol\/wp-json\/wp\/v2\/posts\/468961\/revisions\/469126"}],"wp:featuredmedia":[{"embeddable":true,"href":"http:\/\/desarrollo.grupomedios.com\/futbol\/wp-json\/wp\/v2\/media\/468966"}],"wp:attachment":[{"href":"http:\/\/desarrollo.grupomedios.com\/futbol\/wp-json\/wp\/v2\/media?parent=468961"}],"wp:term":[{"taxonomy":"category","embeddable":true,"href":"http:\/\/desarrollo.grupomedios.com\/futbol\/wp-json\/wp\/v2\/categories?post=468961"},{"taxonomy":"post_tag","embeddable":true,"href":"http:\/\/desarrollo.grupomedios.com\/futbol\/wp-json\/wp\/v2\/tags?post=468961"}],"curies":[{"name":"wp","href":"https:\/\/api.w.org\/{rel}","templated":true}]}}