{"id":469064,"date":"2017-03-16T08:34:23","date_gmt":"2017-03-16T14:34:23","guid":{"rendered":"https:\/\/www.futboltotal.com.mx\/?p=469064"},"modified":"2017-03-16T08:35:24","modified_gmt":"2017-03-16T14:35:24","slug":"benzema-gignac-quedan-la-convocatoria-francia","status":"publish","type":"post","link":"http:\/\/desarrollo.grupomedios.com\/futbol\/futbol-internacional\/benzema-gignac-quedan-la-convocatoria-francia\/2017\/03","title":{"rendered":"Gignac y Benzema quedan fuera de la convocatoria de Francia"},"content":{"rendered":"<p>El seleccionador de Francia, Didier Deschamps, dej\u00f3 a los delanteros <strong>Andr\u00e9 Pierre Gignac<\/strong> y <strong>Karim Benzema<\/strong> fuera de la convocatoria para afrontar los duelos contra Luxemburgo, de la fase de clasificaci\u00f3n para el Mundial de 2018, y el amistoso contra Espa\u00f1a.<\/p>\n<p>En contraste, el joven atacante del M\u00f3naco Kylian Mbapp\u00e9, de 18 a\u00f1os, es la principal novedad de la lista, en la que repiten en la artiller\u00eda Antoine Griezmann, Olivier Giroud y Ousmane Delmbel\u00e9.<\/p>\n<p>Mbapp\u00e9, autor de uno de los goles que anoche posibilit\u00f3 al M\u00f3naco eliminar al Manchester City de los octavos de final de la Liga de Campeones, ir\u00e1 por vez primera a la selecci\u00f3n francesa.<\/p>\n<p style=\"text-align: center;\"><a href=\"https:\/\/www.futboltotal.com.mx\/futbol-internacional\/\"><span style=\"color: #3366ff;\">LEER M\u00c1S: Todas las noticias de futbol internacional<\/span><\/a><\/p>\n<p style=\"text-align: center;\"><a href=\"https:\/\/www.futboltotal.com.mx\/wp-content\/uploads\/2017\/03\/Francia.jpg\"><img decoding=\"async\" loading=\"lazy\" class=\"alignnone size-full wp-image-469065\" src=\"https:\/\/www.futboltotal.com.mx\/wp-content\/uploads\/2017\/03\/Francia.jpg\" alt=\"Gignac y Benzema quedan fuera de la convocatoria de Francia 0\" srcset=\"http:\/\/desarrollo.grupomedios.com\/futbol\/wp-content\/uploads\/2017\/03\/Francia.jpg 1200w, http:\/\/desarrollo.grupomedios.com\/futbol\/wp-content\/uploads\/2017\/03\/Francia-300x225.jpg 300w, http:\/\/desarrollo.grupomedios.com\/futbol\/wp-content\/uploads\/2017\/03\/Francia-768x576.jpg 768w, http:\/\/desarrollo.grupomedios.com\/futbol\/wp-content\/uploads\/2017\/03\/Francia-1024x768.jpg 1024w\" sizes=\"(max-width: 1200px) 100vw, 1200px\" \/><\/a><\/p>\n<p>Tambi\u00e9n est\u00e1n en la convocatoria por vez primera su compa\u00f1ero de equipo Benjamin Mendy, el marsell\u00e9s Florian Thauvin y el lion\u00e9s Corentin Tolisso.<\/p>\n<p>El resto de la lista, en la que de nuevo est\u00e1 ausente el madridista Karim Benzeman, es bastante cl\u00e1sica, con cuatro jugadores que militan en la liga espa\u00f1ola, los centrales Adil Rami (Sevilla) y Samuel Umtiti (Barcelona), y los atacantes del Atl\u00e9tico de Madrid Kevin Gameiro y Antoine Griezmann.<\/p>\n<p><span style=\"color: #800000;\">Estos son los convocados de Francia<\/span><\/p>\n<p>Porteros: Areola (Par\u00eds-SG\/FRA), Costil (Rennes\/FRA), Lloris (Tottenham\/ING)<\/p>\n<p>Defensas: Kimpembe (Par\u00eds-SG\/FRA), Koscielny (Arsenal\/ING), Kurzawa (Par\u00eds-SG\/FRA), Mendy (M\u00f3naco\/FRA), Rami (Sevilla\/ESP), Sagna (Manchester City\/ING), Sidib\u00e9 (M\u00f3naco\/FRA), Umtiti (Barcelona\/ESP)<\/p>\n<p>Centrocampista: Kant\u00e9 (Chelsea\/ING), Lemar (M\u00f3naco\/FRA), Matuidi (Par\u00eds-SG\/FRA), Pogba (Manchester United\/ING), Rabiot (Par\u00eds-SG\/FRA), Tolisso (Lyon\/FRA)<\/p>\n<p>Delanteros: Demb\u00e9l\u00e9 (Borussia Dortmund\/ALE), Gameiro (Atl\u00e9tico de Madrid\/ESP), Giroud (Arsenal\/ING), Griezmann (Atl\u00e9tico de Madrid\/ESP), Mbapp\u00e9 (M\u00f3naco\/FRA), Payet (Marsella\/FRA), Thauvin (Marsella\/FRA).<\/p>\n<p><strong>S\u00edguenos en Twitter:<\/strong> <a href=\"https:\/\/twitter.com\/MXFutbolTotal\" target=\"_blank\">@MXFutbolTotal<\/a><\/p>\n","protected":false},"excerpt":{"rendered":"<p>El delantero de Tigres fue relegado por segunda ocasi\u00f3n consecutiva. <\/p>\n","protected":false},"author":20,"featured_media":457965,"comment_status":"closed","ping_status":"closed","sticky":false,"template":"","format":"standard","meta":[],"categories":[3839,5951],"tags":[1269,413,2232],"_links":{"self":[{"href":"http:\/\/desarrollo.grupomedios.com\/futbol\/wp-json\/wp\/v2\/posts\/469064"}],"collection":[{"href":"http:\/\/desarrollo.grupomedios.com\/futbol\/wp-json\/wp\/v2\/posts"}],"about":[{"href":"http:\/\/desarrollo.grupomedios.com\/futbol\/wp-json\/wp\/v2\/types\/post"}],"author":[{"embeddable":true,"href":"http:\/\/desarrollo.grupomedios.com\/futbol\/wp-json\/wp\/v2\/users\/20"}],"replies":[{"embeddable":true,"href":"http:\/\/desarrollo.grupomedios.com\/futbol\/wp-json\/wp\/v2\/comments?post=469064"}],"version-history":[{"count":3,"href":"http:\/\/desarrollo.grupomedios.com\/futbol\/wp-json\/wp\/v2\/posts\/469064\/revisions"}],"predecessor-version":[{"id":469068,"href":"http:\/\/desarrollo.grupomedios.com\/futbol\/wp-json\/wp\/v2\/posts\/469064\/revisions\/469068"}],"wp:featuredmedia":[{"embeddable":true,"href":"http:\/\/desarrollo.grupomedios.com\/futbol\/wp-json\/wp\/v2\/media\/457965"}],"wp:attachment":[{"href":"http:\/\/desarrollo.grupomedios.com\/futbol\/wp-json\/wp\/v2\/media?parent=469064"}],"wp:term":[{"taxonomy":"category","embeddable":true,"href":"http:\/\/desarrollo.grupomedios.com\/futbol\/wp-json\/wp\/v2\/categories?post=469064"},{"taxonomy":"post_tag","embeddable":true,"href":"http:\/\/desarrollo.grupomedios.com\/futbol\/wp-json\/wp\/v2\/tags?post=469064"}],"curies":[{"name":"wp","href":"https:\/\/api.w.org\/{rel}","templated":true}]}}