{"id":469077,"date":"2017-03-16T09:01:42","date_gmt":"2017-03-16T15:01:42","guid":{"rendered":"https:\/\/www.futboltotal.com.mx\/?p=469077"},"modified":"2017-03-16T10:34:01","modified_gmt":"2017-03-16T16:34:01","slug":"real-madrid-busca-fichar-jugador-del-porto","status":"publish","type":"post","link":"http:\/\/desarrollo.grupomedios.com\/futbol\/futbol-internacional\/real-madrid-busca-fichar-jugador-del-porto\/2017\/03","title":{"rendered":"Real Madrid busca fichar jugador del Porto"},"content":{"rendered":"<p>El brasile\u00f1o <strong>Felipe<\/strong> del <strong>Porto<\/strong>, uno de los centrales m\u00e1s en forma del campeonato portugu\u00e9s, podr\u00eda fichar por el <strong><span class=\"classCadenaBusqueda\">Real<\/span> <span class=\"classCadenaBusqueda\">Madrid<\/span> <\/strong>como posible sustituto de Pepe para la pr\u00f3xima temporada.<\/p>\n<p>A falta de confirmaci\u00f3n oficial, se especula con posibles contactos entre el <strong><span class=\"classCadenaBusqueda\">Real<\/span> <span class=\"classCadenaBusqueda\">Madrid<\/span><\/strong> y el agente de <strong>Felipe<\/strong>, Giuliano Bertolucci, ante la posible marcha del portugu\u00e9s Pepe a final de la temporada ya que podr\u00eda recalar la pr\u00f3xima campa\u00f1a en la liga china, seg\u00fan destaca el diario luso\u00a0<em>Record.<\/em><\/p>\n<p style=\"text-align: center;\"><span style=\"color: #3366ff;\">VER M\u00c1S: Todas las noticias de futbol internacional\u00a0<\/span><\/p>\n<p><strong>Felipe<\/strong>, de 27 a\u00f1os y con una cl\u00e1usula de rescisi\u00f3n de 50 millones de euros, ha logrado, junto con el central espa\u00f1ol Marcano y el guardameta Casillas, que la porter\u00eda del Porto sea la menos batida de las principales ligas europeas, con s\u00f3lo 11 goles en contra en lo que va de liga.<\/p>\n<p>El central brasile\u00f1o, que tiene contrato con el Porto hasta 2017, lleg\u00f3 el verano pasado al club blanquiazul procedente del Corinthians.<\/p>\n<p>Este defensa ha logrado tres goles en el actual campeonato y, hasta la fecha, nunca ha vestido la el\u00e1stica de la selecci\u00f3n brasile\u00f1a.<\/p>\n<p><strong>S\u00edguenos en Twitter:\u00a0<a href=\"https:\/\/twitter.com\/MXFutbolTotal\">@MXFutbolTotal<\/a><\/strong><\/p>\n","protected":false},"excerpt":{"rendered":"<p>Los Merengues pagar\u00edan millonaria cifra por el reemplazo del defensa central Pepe. <\/p>\n","protected":false},"author":20,"featured_media":469078,"comment_status":"closed","ping_status":"closed","sticky":false,"template":"","format":"standard","meta":[],"categories":[3839,5951],"tags":[1208,5988],"_links":{"self":[{"href":"http:\/\/desarrollo.grupomedios.com\/futbol\/wp-json\/wp\/v2\/posts\/469077"}],"collection":[{"href":"http:\/\/desarrollo.grupomedios.com\/futbol\/wp-json\/wp\/v2\/posts"}],"about":[{"href":"http:\/\/desarrollo.grupomedios.com\/futbol\/wp-json\/wp\/v2\/types\/post"}],"author":[{"embeddable":true,"href":"http:\/\/desarrollo.grupomedios.com\/futbol\/wp-json\/wp\/v2\/users\/20"}],"replies":[{"embeddable":true,"href":"http:\/\/desarrollo.grupomedios.com\/futbol\/wp-json\/wp\/v2\/comments?post=469077"}],"version-history":[{"count":2,"href":"http:\/\/desarrollo.grupomedios.com\/futbol\/wp-json\/wp\/v2\/posts\/469077\/revisions"}],"predecessor-version":[{"id":469100,"href":"http:\/\/desarrollo.grupomedios.com\/futbol\/wp-json\/wp\/v2\/posts\/469077\/revisions\/469100"}],"wp:featuredmedia":[{"embeddable":true,"href":"http:\/\/desarrollo.grupomedios.com\/futbol\/wp-json\/wp\/v2\/media\/469078"}],"wp:attachment":[{"href":"http:\/\/desarrollo.grupomedios.com\/futbol\/wp-json\/wp\/v2\/media?parent=469077"}],"wp:term":[{"taxonomy":"category","embeddable":true,"href":"http:\/\/desarrollo.grupomedios.com\/futbol\/wp-json\/wp\/v2\/categories?post=469077"},{"taxonomy":"post_tag","embeddable":true,"href":"http:\/\/desarrollo.grupomedios.com\/futbol\/wp-json\/wp\/v2\/tags?post=469077"}],"curies":[{"name":"wp","href":"https:\/\/api.w.org\/{rel}","templated":true}]}}