{"id":469088,"date":"2017-03-16T10:38:43","date_gmt":"2017-03-16T16:38:43","guid":{"rendered":"https:\/\/www.futboltotal.com.mx\/?p=469088"},"modified":"2017-03-16T10:39:53","modified_gmt":"2017-03-16T16:39:53","slug":"pelaez-define-pablo-aguilar","status":"publish","type":"post","link":"http:\/\/desarrollo.grupomedios.com\/futbol\/destacado-home\/pelaez-define-pablo-aguilar\/2017\/03","title":{"rendered":"Pel\u00e1ez define futuro de Pablo Aguilar"},"content":{"rendered":"<p>El presidente deportivo del <strong>Am\u00e9rica<\/strong>, Ricardo Pel\u00e1ez, estableci\u00f3 que sin importar que\u00a0<strong>Pablo Aguilar<\/strong>\u00a0haya sido suspendido por un a\u00f1o, el club tiene la firme intenci\u00f3n de mantenerlo en la plantilla del Am\u00e9rica para el pr\u00f3ximo Apertura 2017.<\/p>\n<blockquote><p>&#8220;Aguilar tiene un contrato por dos a\u00f1os m\u00e1s y para mi es uno de los grandes jugadores del equipos. Hemos conseguido muchos t\u00edtulos y \u00e9l ha tenido mucho que ver en esto&#8221; declar\u00f3 Pel\u00e1ez en una entrevista radiof\u00f3nica al programa <em>Por la ma\u00f1ana.<\/em><\/p><\/blockquote>\n<blockquote><p>\u201cComo presidente deportivo quiero apoyarlo, que se quede, que se vaya unos d\u00edas a descansar, que se incorpore en la pretemporada y nosotros tomar la mejor decisi\u00f3n para ver si lo podemos defender ante instancias internacionales&#8221;, agreg\u00f3 el dirigente.<\/p><\/blockquote>\n<p style=\"text-align: center;\"><a href=\"https:\/\/www.futboltotal.com.mx\/2017\/03\/cecilio-paul-aguilar-reaparecen-america\/\"><span style=\"color: #3366ff;\">VER M\u00c1S: Cecilio Dom\u00ednguez reaparecer\u00e1 en el Cl\u00e1sico<\/span><\/a><\/p>\n<p><strong>Pel\u00e1ez<\/strong> estableci\u00f3 que los altos mandos de la entidad <em>azulcrema\u00a0<\/em>aun est\u00e1n valorando en la apelaci\u00f3n que podr\u00edan presentar ante el TAS para tratar de reducir la sanci\u00f3n de <strong>Aguilar<\/strong>.<\/p>\n<blockquote><p>\u201cEste tema ya no es deportivo, ya sucedi\u00f3 y vamos a esperar junto con el consejo directivo que es el due\u00f1o de la instituci\u00f3n y algunos directivos de la empresa para tomar la mejor decisi\u00f3n&#8221;, agreg\u00f3.<\/p>\n<p>\u201cEstamos tratando de enfriarnos un poco, dejar que corran las cosas y no queremos precipitar nada, respetamos lo reglamentos, hay que cuidar a una de las mejores Ligas y creo que lo que sucedi\u00f3 en la cancha el fin de semana no debe presentarse\u201d, agreg\u00f3.<\/p><\/blockquote>\n<p>Por \u00faltimo, el dirigente se\u00f1al\u00f3 que al t\u00e9rmino del partido le dijo al \u00e1rbitro Fernando Fern\u00e1ndez &#8220;con mucho respeto&#8221; que solo &#8220;pusiera\u00a0la realidad de lo que ocurri\u00f3&#8221;.<\/p>\n<blockquote><p>&#8220;La vi en el palco y fue algo que considere grave por lo que vi en las im\u00e1genes y as\u00ed fue, nada m\u00e1s, me dirig\u00ed con mucho respeto\u201d, puntualiz\u00f3 el dirigente.<\/p><\/blockquote>\n<p><strong>S\u00edguenos en Twitter:\u00a0<a href=\"https:\/\/twitter.com\/MXFutbolTotal\">@MXFutbolTotal<\/a><\/strong><\/p>\n","protected":false},"excerpt":{"rendered":"<p>El presidente del Am\u00e9rica dio las primeras palabras tras la sanci\u00f3n que recibi\u00f3 el defensa paraguayo.<\/p>\n","protected":false},"author":20,"featured_media":469103,"comment_status":"closed","ping_status":"closed","sticky":false,"template":"","format":"standard","meta":[],"categories":[5,2198,3845],"tags":[5959,994],"_links":{"self":[{"href":"http:\/\/desarrollo.grupomedios.com\/futbol\/wp-json\/wp\/v2\/posts\/469088"}],"collection":[{"href":"http:\/\/desarrollo.grupomedios.com\/futbol\/wp-json\/wp\/v2\/posts"}],"about":[{"href":"http:\/\/desarrollo.grupomedios.com\/futbol\/wp-json\/wp\/v2\/types\/post"}],"author":[{"embeddable":true,"href":"http:\/\/desarrollo.grupomedios.com\/futbol\/wp-json\/wp\/v2\/users\/20"}],"replies":[{"embeddable":true,"href":"http:\/\/desarrollo.grupomedios.com\/futbol\/wp-json\/wp\/v2\/comments?post=469088"}],"version-history":[{"count":3,"href":"http:\/\/desarrollo.grupomedios.com\/futbol\/wp-json\/wp\/v2\/posts\/469088\/revisions"}],"predecessor-version":[{"id":469105,"href":"http:\/\/desarrollo.grupomedios.com\/futbol\/wp-json\/wp\/v2\/posts\/469088\/revisions\/469105"}],"wp:featuredmedia":[{"embeddable":true,"href":"http:\/\/desarrollo.grupomedios.com\/futbol\/wp-json\/wp\/v2\/media\/469103"}],"wp:attachment":[{"href":"http:\/\/desarrollo.grupomedios.com\/futbol\/wp-json\/wp\/v2\/media?parent=469088"}],"wp:term":[{"taxonomy":"category","embeddable":true,"href":"http:\/\/desarrollo.grupomedios.com\/futbol\/wp-json\/wp\/v2\/categories?post=469088"},{"taxonomy":"post_tag","embeddable":true,"href":"http:\/\/desarrollo.grupomedios.com\/futbol\/wp-json\/wp\/v2\/tags?post=469088"}],"curies":[{"name":"wp","href":"https:\/\/api.w.org\/{rel}","templated":true}]}}