{"id":469090,"date":"2017-03-16T10:26:58","date_gmt":"2017-03-16T16:26:58","guid":{"rendered":"https:\/\/www.futboltotal.com.mx\/?p=469090"},"modified":"2017-03-16T10:26:58","modified_gmt":"2017-03-16T16:26:58","slug":"periodistas-abandonan-rueda-prensa-river-plate","status":"publish","type":"post","link":"http:\/\/desarrollo.grupomedios.com\/futbol\/futbol-internacional\/periodistas-abandonan-rueda-prensa-river-plate\/2017\/03","title":{"rendered":"Periodistas colombianos se retiran de la conferencia de River por ofensas"},"content":{"rendered":"<p>Al termino del partido entre Independiente de Medell\u00edn y River Plate, que ganaron los argentinos 3-0, en un campo pr\u00e1cticamente inundado, los periodistas colombianos decidieron retirarse de la conferencia de prensa al t\u00e9rmino del partido debido a que hab\u00edan sido ofendidos por la gente del club Millonario.<\/p>\n<p>Seg\u00fan informan los medios cafetaleros, previo al encuentro el equipo dirigido por Marcelo Gallardo solo atendi\u00f3 a medios de su pa\u00eds debido a que argumentaron que &#8220;no le interesaba el contacto con la prensa local&#8221;, por lo que los colombianos quedaron inconformes.<\/p>\n<p>Antes de que Gallardo comenzara su conferencia, los periodistas le hicieron saber al argentino que se retiraban. \u201cPor el irrespeto, despreci\u00f3 y discriminaci\u00f3n injustificada que ha tenido el se\u00f1or Matias Ghirlanda (jefe de prensa) con todos los medios locales, nosotros sentamos nuestra voz de protesta y procedemos a retirarnos de la sala de prensa\u201d, mencion\u00f3 un periodista.<\/p>\n<p style=\"text-align: center;\"><span style=\"color: #3366ff;\"><a style=\"color: #3366ff;\" href=\"https:\/\/www.futboltotal.com.mx\/2017\/03\/cruz-azul-vive-mejor-momento-jemez\/\">LEER M\u00c1S: Cruz Azul vive su mejor momento: J\u00e9mez<\/a><\/span><\/p>\n<p><iframe loading=\"lazy\" src=\"https:\/\/www.youtube.com\/embed\/OGPYWFqRH-o?feature=oembed\" frameborder=\"0\" allowfullscreen><\/iframe><\/p>\n","protected":false},"excerpt":{"rendered":"<p>River gan\u00f3 en su visita a Colombia en la Copa Libertadores.<\/p>\n","protected":false},"author":20,"featured_media":469095,"comment_status":"closed","ping_status":"closed","sticky":false,"template":"","format":"standard","meta":[],"categories":[3839],"tags":[6214,164],"_links":{"self":[{"href":"http:\/\/desarrollo.grupomedios.com\/futbol\/wp-json\/wp\/v2\/posts\/469090"}],"collection":[{"href":"http:\/\/desarrollo.grupomedios.com\/futbol\/wp-json\/wp\/v2\/posts"}],"about":[{"href":"http:\/\/desarrollo.grupomedios.com\/futbol\/wp-json\/wp\/v2\/types\/post"}],"author":[{"embeddable":true,"href":"http:\/\/desarrollo.grupomedios.com\/futbol\/wp-json\/wp\/v2\/users\/20"}],"replies":[{"embeddable":true,"href":"http:\/\/desarrollo.grupomedios.com\/futbol\/wp-json\/wp\/v2\/comments?post=469090"}],"version-history":[{"count":1,"href":"http:\/\/desarrollo.grupomedios.com\/futbol\/wp-json\/wp\/v2\/posts\/469090\/revisions"}],"predecessor-version":[{"id":469097,"href":"http:\/\/desarrollo.grupomedios.com\/futbol\/wp-json\/wp\/v2\/posts\/469090\/revisions\/469097"}],"wp:featuredmedia":[{"embeddable":true,"href":"http:\/\/desarrollo.grupomedios.com\/futbol\/wp-json\/wp\/v2\/media\/469095"}],"wp:attachment":[{"href":"http:\/\/desarrollo.grupomedios.com\/futbol\/wp-json\/wp\/v2\/media?parent=469090"}],"wp:term":[{"taxonomy":"category","embeddable":true,"href":"http:\/\/desarrollo.grupomedios.com\/futbol\/wp-json\/wp\/v2\/categories?post=469090"},{"taxonomy":"post_tag","embeddable":true,"href":"http:\/\/desarrollo.grupomedios.com\/futbol\/wp-json\/wp\/v2\/tags?post=469090"}],"curies":[{"name":"wp","href":"https:\/\/api.w.org\/{rel}","templated":true}]}}