{"id":469099,"date":"2017-03-16T11:07:44","date_gmt":"2017-03-16T17:07:44","guid":{"rendered":"https:\/\/www.futboltotal.com.mx\/?p=469099"},"modified":"2017-03-16T11:07:44","modified_gmt":"2017-03-16T17:07:44","slug":"jugadores-del-madrid-bullying-a-keylor-navas","status":"publish","type":"post","link":"http:\/\/desarrollo.grupomedios.com\/futbol\/uncategorized\/jugadores-del-madrid-bullying-a-keylor-navas\/2017\/03","title":{"rendered":"Jugadores del Madrid hacen Bullying a Keylor Navas"},"content":{"rendered":"<p>En las \u00faltimas semanas, Keylor Navas ha estado en boca de la prensa espa\u00f1ola debido a los fallos que ha tenido con el Real Madrid y las cr\u00edticas que ha recibido por parte de la afici\u00f3n.<\/p>\n<p>El programa espa\u00f1ol, el Chiringuito, ha revelado que el portero costarricense &#8220;sufre de Bullying&#8221; por parte de sus compa\u00f1eros en el vestuario Merengue, pero con el simple motivo de levantar al portero y no dejar que las cr\u00edticas lo afecten.<\/p>\n<blockquote class=\"twitter-tweet\" data-lang=\"es\">\n<p dir=\"ltr\" lang=\"es\">Si <a href=\"https:\/\/twitter.com\/IkerCasillas\">@IkerCasillas<\/a> hubiese hecho alguna TEMPORADA como ESTA de KEYLOR Navas, habr\u00edamos PEDIDO su DEPORTACI\u00d3N a SIBERIA.<\/p>\n<p>\u2014 El Chirincirco TV (@ElChirincirco) <a href=\"https:\/\/twitter.com\/ElChirincirco\/status\/841019376916680704\">12 de marzo de 2017<\/a><\/p><\/blockquote>\n<p><script async src=\"\/\/platform.twitter.com\/widgets.js\" charset=\"utf-8\"><\/script><\/p>\n<p>\u201cEl vestuario est\u00e1 preocupado porque sienten que hay un baj\u00f3n de rendimiento en Keylor Navas. En el aspecto personal est\u00e1n encantados con \u00e9l, cae muy bien y est\u00e1 integrado, pero en el aspecto deportivo creen que ha bajado. A Keylor Navas le llaman Keylor Swift recordando a la cantante Taylor Swift porque canta como ella\u201d, afirm\u00f3 el periodista, Eduardo India, director del programa.<\/p>\n<p><em>*Foto tomada de Publisport.<\/em><\/p>\n<p><a href=\"https:\/\/www.futboltotal.com.mx\/wp-content\/uploads\/2017\/03\/BzX5PUdCIAAgfi7.jpg\"><img decoding=\"async\" loading=\"lazy\" class=\"alignnone size-full wp-image-469110\" src=\"https:\/\/www.futboltotal.com.mx\/wp-content\/uploads\/2017\/03\/BzX5PUdCIAAgfi7.jpg\" alt=\"Jugadores del Madrid hacen Bullying a Keylor Navas 0\" srcset=\"http:\/\/desarrollo.grupomedios.com\/futbol\/wp-content\/uploads\/2017\/03\/BzX5PUdCIAAgfi7.jpg 1000w, http:\/\/desarrollo.grupomedios.com\/futbol\/wp-content\/uploads\/2017\/03\/BzX5PUdCIAAgfi7-150x150.jpg 150w, http:\/\/desarrollo.grupomedios.com\/futbol\/wp-content\/uploads\/2017\/03\/BzX5PUdCIAAgfi7-300x300.jpg 300w, http:\/\/desarrollo.grupomedios.com\/futbol\/wp-content\/uploads\/2017\/03\/BzX5PUdCIAAgfi7-768x768.jpg 768w\" sizes=\"(max-width: 1000px) 100vw, 1000px\" \/><\/a><\/p>\n","protected":false},"excerpt":{"rendered":"<p>A Keylor le apodan &#8220;Keylor Swift&#8221; por su forma de cantar. <\/p>\n","protected":false},"author":20,"featured_media":402198,"comment_status":"closed","ping_status":"closed","sticky":false,"template":"","format":"standard","meta":[],"categories":[1],"tags":[6214,5590,5988],"_links":{"self":[{"href":"http:\/\/desarrollo.grupomedios.com\/futbol\/wp-json\/wp\/v2\/posts\/469099"}],"collection":[{"href":"http:\/\/desarrollo.grupomedios.com\/futbol\/wp-json\/wp\/v2\/posts"}],"about":[{"href":"http:\/\/desarrollo.grupomedios.com\/futbol\/wp-json\/wp\/v2\/types\/post"}],"author":[{"embeddable":true,"href":"http:\/\/desarrollo.grupomedios.com\/futbol\/wp-json\/wp\/v2\/users\/20"}],"replies":[{"embeddable":true,"href":"http:\/\/desarrollo.grupomedios.com\/futbol\/wp-json\/wp\/v2\/comments?post=469099"}],"version-history":[{"count":1,"href":"http:\/\/desarrollo.grupomedios.com\/futbol\/wp-json\/wp\/v2\/posts\/469099\/revisions"}],"predecessor-version":[{"id":469111,"href":"http:\/\/desarrollo.grupomedios.com\/futbol\/wp-json\/wp\/v2\/posts\/469099\/revisions\/469111"}],"wp:featuredmedia":[{"embeddable":true,"href":"http:\/\/desarrollo.grupomedios.com\/futbol\/wp-json\/wp\/v2\/media\/402198"}],"wp:attachment":[{"href":"http:\/\/desarrollo.grupomedios.com\/futbol\/wp-json\/wp\/v2\/media?parent=469099"}],"wp:term":[{"taxonomy":"category","embeddable":true,"href":"http:\/\/desarrollo.grupomedios.com\/futbol\/wp-json\/wp\/v2\/categories?post=469099"},{"taxonomy":"post_tag","embeddable":true,"href":"http:\/\/desarrollo.grupomedios.com\/futbol\/wp-json\/wp\/v2\/tags?post=469099"}],"curies":[{"name":"wp","href":"https:\/\/api.w.org\/{rel}","templated":true}]}}