{"id":469107,"date":"2017-03-16T11:20:45","date_gmt":"2017-03-16T17:20:45","guid":{"rendered":"https:\/\/www.futboltotal.com.mx\/?p=469107"},"modified":"2017-03-16T11:20:45","modified_gmt":"2017-03-16T17:20:45","slug":"urretaviscaya-arevalo-carlos-sanchez-convocados-uruguay","status":"publish","type":"post","link":"http:\/\/desarrollo.grupomedios.com\/futbol\/futbol-mexicano\/urretaviscaya-arevalo-carlos-sanchez-convocados-uruguay\/2017\/03","title":{"rendered":"Urretaviscaya, Ar\u00e9valo y Carlos S\u00e1nchez, convocados por Uruguay"},"content":{"rendered":"<p>La Liga MX cuenta con tres representantes en la \u00faltima convocatoria de la selecci\u00f3n de <strong>Uruguay<\/strong> para encarar los partidos ante Brasil y Per\u00fa de la eliminatoria mundialista de <strong>Conmebol<\/strong>.<\/p>\n<p>Los jugadores <strong>Egidio Ar\u00e9valo R\u00edos<\/strong> del <strong>Veracruz<\/strong> y <strong>Carlos S\u00e1nchez<\/strong> del <strong>Monterrey<\/strong> son acompa\u00f1ados por el atacante <strong>Jonathan Urretaviscaya<\/strong>, quien vivir\u00e1 su primer llamado con la selecci\u00f3n charr\u00faa mayor.<\/p>\n<p style=\"text-align: center;\"><a href=\"https:\/\/www.futboltotal.com.mx\/2017\/03\/tigres-papa-cruz-azul-en-los-ultimos-cinco-anos\/\">VER M\u00c1S: TIGRES, EL &#8216;PAP\u00c1&#8217; DE CRUZ AZUL EN LOS \u00daLTIMOS 5 A\u00d1OS<\/a><\/p>\n<p><em>Urreta<\/em>, jugador del <strong>Pachuca<\/strong>, s\u00f3lo hab\u00eda jugado con su selecci\u00f3n en categor\u00edas menores cuando fue convocado por \u00d3scar Tab\u00e1rez para disputar el Mundial Sub 20 del 2009, as\u00ed como los Juegos Ol\u00edmpicos Londres 2012.<\/p>\n<p>El resto de la convocatoria es liderada por figuras como Luis Su\u00e1rez del Barcelona, Diego God\u00edn del Atl\u00e9tico de Madrid y Edinson Cavani del Paris Saint-Germain.<\/p>\n<p>&nbsp;<\/p>\n<blockquote class=\"twitter-tweet\" data-lang=\"es\">\n<p dir=\"ltr\" lang=\"es\"><a href=\"https:\/\/twitter.com\/hashtag\/Eliminatorias?src=hash\">#Eliminatorias<\/a> | Futbolistas convocados de <a href=\"https:\/\/twitter.com\/Uruguay\">@Uruguay<\/a> para los encuentros ante <a href=\"https:\/\/twitter.com\/CBF_Futebol\">@CBF_Futebol<\/a> (23\/3) y <a href=\"https:\/\/twitter.com\/SeleccionPeru\">@SeleccionPeru<\/a> (28\/3). <a href=\"https:\/\/t.co\/4JWv3g8zm1\">pic.twitter.com\/4JWv3g8zm1<\/a><\/p>\n<p>\u2014 Selecci\u00f3n Uruguaya (@Uruguay) <a href=\"https:\/\/twitter.com\/Uruguay\/status\/842397669536473088\">16 de marzo de 2017<\/a><\/p><\/blockquote>\n<p><script async src=\"\/\/platform.twitter.com\/widgets.js\" charset=\"utf-8\"><\/script><\/p>\n<p class=\"p1\"><span class=\"s1\"><b>S\u00edguenos en Twitter<\/b>:\u00a0<a href=\"https:\/\/twitter.com\/MXFutbolTotal\"><span class=\"s2\">@MXFutbolTotal<\/span><\/a><\/span><\/p>\n","protected":false},"excerpt":{"rendered":"<p>Urretaviscaya, jugador del Pachuca, vivir\u00e1 su primer llamado con la selecci\u00f3n charr\u00faa mayor.<\/p>\n","protected":false},"author":20,"featured_media":469113,"comment_status":"closed","ping_status":"closed","sticky":false,"template":"","format":"standard","meta":[],"categories":[3839,2198,3845],"tags":[4129,2169,8350,5966,5968,73,8349,503,6049],"_links":{"self":[{"href":"http:\/\/desarrollo.grupomedios.com\/futbol\/wp-json\/wp\/v2\/posts\/469107"}],"collection":[{"href":"http:\/\/desarrollo.grupomedios.com\/futbol\/wp-json\/wp\/v2\/posts"}],"about":[{"href":"http:\/\/desarrollo.grupomedios.com\/futbol\/wp-json\/wp\/v2\/types\/post"}],"author":[{"embeddable":true,"href":"http:\/\/desarrollo.grupomedios.com\/futbol\/wp-json\/wp\/v2\/users\/20"}],"replies":[{"embeddable":true,"href":"http:\/\/desarrollo.grupomedios.com\/futbol\/wp-json\/wp\/v2\/comments?post=469107"}],"version-history":[{"count":1,"href":"http:\/\/desarrollo.grupomedios.com\/futbol\/wp-json\/wp\/v2\/posts\/469107\/revisions"}],"predecessor-version":[{"id":469114,"href":"http:\/\/desarrollo.grupomedios.com\/futbol\/wp-json\/wp\/v2\/posts\/469107\/revisions\/469114"}],"wp:featuredmedia":[{"embeddable":true,"href":"http:\/\/desarrollo.grupomedios.com\/futbol\/wp-json\/wp\/v2\/media\/469113"}],"wp:attachment":[{"href":"http:\/\/desarrollo.grupomedios.com\/futbol\/wp-json\/wp\/v2\/media?parent=469107"}],"wp:term":[{"taxonomy":"category","embeddable":true,"href":"http:\/\/desarrollo.grupomedios.com\/futbol\/wp-json\/wp\/v2\/categories?post=469107"},{"taxonomy":"post_tag","embeddable":true,"href":"http:\/\/desarrollo.grupomedios.com\/futbol\/wp-json\/wp\/v2\/tags?post=469107"}],"curies":[{"name":"wp","href":"https:\/\/api.w.org\/{rel}","templated":true}]}}