{"id":469124,"date":"2017-03-16T13:06:59","date_gmt":"2017-03-16T19:06:59","guid":{"rendered":"https:\/\/www.futboltotal.com.mx\/?p=469124"},"modified":"2017-03-16T13:06:59","modified_gmt":"2017-03-16T19:06:59","slug":"bbc-marcelo-ramos-la-nueva-imagen-del-avion-madridista","status":"publish","type":"post","link":"http:\/\/desarrollo.grupomedios.com\/futbol\/futbol-internacional\/bbc-marcelo-ramos-la-nueva-imagen-del-avion-madridista\/2017\/03","title":{"rendered":"BBC, Marcelo y Ramos, la nueva imagen del avi\u00f3n madridista"},"content":{"rendered":"<p>Los jugadores del <strong>Real Madrid<\/strong> Cristiano Ronaldo, Gareth Bale, Sergio Ramos, Marcelo y Benzema posaron en el aeropuerto Adolfo Su\u00e1rez Madrid-Barajas junto al avi\u00f3n A380 de Emirates, del que son imagen.<\/p>\n<p>Los cinco jugadores madridistas aparecen en un montaje de fotograf\u00edas de acciones de un partido, en un vinilo de m\u00e1s de 500 metros cuadrados en los dos laterales de un avi\u00f3n que se estrena en el aeropuerto de la capital de Espa\u00f1a.<\/p>\n<p>El A380 del <strong>Real Madrid<\/strong> volar\u00e1 a la mayor\u00eda de los destinos de Emirates y ofrece a los aficionados del equipo blanco la oportunidad de sacarse una foto con la aeronave en 46 ciudades en cinco continentes. EFE<\/p>\n<p style=\"text-align: center;\"><span style=\"color: #3366ff;\"><a style=\"color: #3366ff;\" href=\"https:\/\/www.futboltotal.com.mx\/2017\/03\/lanzan-dvd-la-remontada-del-barcelona-al-psg\/\">LEER M\u00c1S: Lanzan DVD de la remontada del Barcelona al PSG<\/a><\/span><\/p>\n<blockquote class=\"twitter-tweet\" data-lang=\"es\">\n<p dir=\"ltr\" lang=\"es\">\u00a1Presentaci\u00f3n del nuevo A380 del Real Madrid!<\/p>\n<p>\u2708 <a href=\"https:\/\/twitter.com\/emirates\">@emirates<\/a><\/p>\n<p>#\u20e3 <a href=\"https:\/\/twitter.com\/hashtag\/HelloRealMadridA380?src=hash\">#HelloRealMadridA380<\/a><\/p>\n<p>&#x1f4f8; <a href=\"https:\/\/t.co\/2NodzFMVdR\">https:\/\/t.co\/2NodzFMVdR<\/a> <a href=\"https:\/\/t.co\/1cCBQAdq2J\">pic.twitter.com\/1cCBQAdq2J<\/a><\/p>\n<p>\u2014 Real Madrid C. F. (@realmadrid) <a href=\"https:\/\/twitter.com\/realmadrid\/status\/842435416619794432\">16 de marzo de 2017<\/a><\/p><\/blockquote>\n<p><script async src=\"\/\/platform.twitter.com\/widgets.js\" charset=\"utf-8\"><\/script><\/p>\n","protected":false},"excerpt":{"rendered":"<p>Los cinco jugadores madridistas aparecen en un vinilo de m\u00e1s de 500 metros cuadrados <\/p>\n","protected":false},"author":144,"featured_media":451115,"comment_status":"closed","ping_status":"closed","sticky":false,"template":"","format":"standard","meta":[],"categories":[3839,3844],"tags":[6214,1913,5988],"_links":{"self":[{"href":"http:\/\/desarrollo.grupomedios.com\/futbol\/wp-json\/wp\/v2\/posts\/469124"}],"collection":[{"href":"http:\/\/desarrollo.grupomedios.com\/futbol\/wp-json\/wp\/v2\/posts"}],"about":[{"href":"http:\/\/desarrollo.grupomedios.com\/futbol\/wp-json\/wp\/v2\/types\/post"}],"author":[{"embeddable":true,"href":"http:\/\/desarrollo.grupomedios.com\/futbol\/wp-json\/wp\/v2\/users\/144"}],"replies":[{"embeddable":true,"href":"http:\/\/desarrollo.grupomedios.com\/futbol\/wp-json\/wp\/v2\/comments?post=469124"}],"version-history":[{"count":1,"href":"http:\/\/desarrollo.grupomedios.com\/futbol\/wp-json\/wp\/v2\/posts\/469124\/revisions"}],"predecessor-version":[{"id":469125,"href":"http:\/\/desarrollo.grupomedios.com\/futbol\/wp-json\/wp\/v2\/posts\/469124\/revisions\/469125"}],"wp:featuredmedia":[{"embeddable":true,"href":"http:\/\/desarrollo.grupomedios.com\/futbol\/wp-json\/wp\/v2\/media\/451115"}],"wp:attachment":[{"href":"http:\/\/desarrollo.grupomedios.com\/futbol\/wp-json\/wp\/v2\/media?parent=469124"}],"wp:term":[{"taxonomy":"category","embeddable":true,"href":"http:\/\/desarrollo.grupomedios.com\/futbol\/wp-json\/wp\/v2\/categories?post=469124"},{"taxonomy":"post_tag","embeddable":true,"href":"http:\/\/desarrollo.grupomedios.com\/futbol\/wp-json\/wp\/v2\/tags?post=469124"}],"curies":[{"name":"wp","href":"https:\/\/api.w.org\/{rel}","templated":true}]}}