{"id":469138,"date":"2017-03-16T14:29:01","date_gmt":"2017-03-16T20:29:01","guid":{"rendered":"https:\/\/www.futboltotal.com.mx\/?p=469138"},"modified":"2017-03-16T14:29:01","modified_gmt":"2017-03-16T20:29:01","slug":"cecilio-es-increible-y-exagerada-la-sancion-a-aguilar","status":"publish","type":"post","link":"http:\/\/desarrollo.grupomedios.com\/futbol\/destacado-home\/cecilio-es-increible-y-exagerada-la-sancion-a-aguilar\/2017\/03","title":{"rendered":"Cecilio critica la &#8220;exagerada&#8221; sanci\u00f3n a Pablo Aguilar"},"content":{"rendered":"<p><strong>Cecilio Dom\u00ednguez<\/strong>, delantero paraguayo del <strong>CF Am\u00e9rica<\/strong>, consider\u00f3 que la sanci\u00f3n de un a\u00f1o impuesta a su compa\u00f1ero <strong>Pablo Aguilar<\/strong> por haber agredido al \u00e1rbitro Fernando Fern\u00e1ndez es exagerada pues valor\u00f3 que su connacional no cometi\u00f3 una fuerte falta.<\/p>\n<blockquote><p>\u201cNunca vi algo tan incre\u00edble, no vi una suspensi\u00f3n tan exagerada, pero nosotros pedimos que se sancione lo que realmente se merece, no exagerado porque la verdad s\u00ed lo fue y por eso pedimos justicia&#8221;, dijo el delantero en rueda de prensa.<\/p>\n<p style=\"text-align: center;\"><span style=\"color: #3366ff;\"><a href=\"https:\/\/www.futboltotal.com.mx\/2017\/03\/pelaez-define-pablo-aguilar\/\">VER M\u00c1S: Pel\u00e1ez define el futuro de Pablo Aguilar\u00a0<\/a><\/span><\/p>\n<blockquote class=\"twitter-tweet\" data-lang=\"es\">\n<p dir=\"ltr\" lang=\"es\">Trabajo t\u00e1ctico en interescuadras para finalizar la pr\u00e1ctica \u26bd&#x1f3c3;&#x1f3fb; <a href=\"https:\/\/twitter.com\/hashtag\/VamosAm%C3%A9rica?src=hash\">#VamosAm\u00e9rica<\/a> &#x1f49b;&#x1f499; <a href=\"https:\/\/t.co\/6S0PBShxyP\">pic.twitter.com\/6S0PBShxyP<\/a><\/p>\n<p>\u2014 Club Am\u00e9rica (@ClubAmerica) <a href=\"https:\/\/twitter.com\/ClubAmerica\/status\/842431679499141120\">16 de marzo de 2017<\/a><\/p><\/blockquote>\n<p><script async src=\"\/\/platform.twitter.com\/widgets.js\" charset=\"utf-8\"><\/script><\/p><\/blockquote>\n<p><strong>Dom\u00ednguez<\/strong> revel\u00f3 que<strong> Pablo Aguilar<\/strong> est\u00e1 muy consternado por la sanci\u00f3n que tambi\u00e9n le impide ser convocado a la selecci\u00f3n de Paraguay: &#8220;Est\u00e1 dolido por una decisi\u00f3n exagerada, pero s\u00ed tiene mucha fe, que es lo m\u00e1s importante, est\u00e1 bien, hablaba, bromeamos, por el con ese \u00e1nimo, vamos a salir bien\u201d.<\/p>\n<p>Sin embargo, el refuerzo del Am\u00e9rica apunt\u00f3 que a pesar de esta situaci\u00f3n, el club est\u00e1 totalmente enchufado para enfrentar el duelo ante Pumas de la UNAM el domingo.<\/p>\n<blockquote>\n<blockquote><p>&#8220;Hemos recibido muchos golpes, eso te hace fuerte y m\u00e1s a un club tan grande como Am\u00e9rica. Estamos golpeados y ya no queremos ser eso&#8221;, apunt\u00f3 Dom\u00ednguez, quien asegur\u00f3 tener mucho \u00e1nimo para reaparecer con las <em>\u00c1guilas\u00a0<\/em>y disputar su primer cl\u00e1sico en la Liga MX.<\/p><\/blockquote>\n<p><strong>S\u00edguenos en Twitter:\u00a0<a href=\"https:\/\/twitter.com\/MXFutbolTotal\">@MXFutbolTotal<\/a><\/strong><\/p><\/blockquote>\n","protected":false},"excerpt":{"rendered":"<p>El delantero calific\u00f3 como incre\u00edble el castigo que recibi\u00f3 su connacional.<\/p>\n","protected":false},"author":20,"featured_media":469142,"comment_status":"closed","ping_status":"closed","sticky":false,"template":"","format":"standard","meta":[],"categories":[5,2198,3845],"tags":[7881,994],"_links":{"self":[{"href":"http:\/\/desarrollo.grupomedios.com\/futbol\/wp-json\/wp\/v2\/posts\/469138"}],"collection":[{"href":"http:\/\/desarrollo.grupomedios.com\/futbol\/wp-json\/wp\/v2\/posts"}],"about":[{"href":"http:\/\/desarrollo.grupomedios.com\/futbol\/wp-json\/wp\/v2\/types\/post"}],"author":[{"embeddable":true,"href":"http:\/\/desarrollo.grupomedios.com\/futbol\/wp-json\/wp\/v2\/users\/20"}],"replies":[{"embeddable":true,"href":"http:\/\/desarrollo.grupomedios.com\/futbol\/wp-json\/wp\/v2\/comments?post=469138"}],"version-history":[{"count":1,"href":"http:\/\/desarrollo.grupomedios.com\/futbol\/wp-json\/wp\/v2\/posts\/469138\/revisions"}],"predecessor-version":[{"id":469144,"href":"http:\/\/desarrollo.grupomedios.com\/futbol\/wp-json\/wp\/v2\/posts\/469138\/revisions\/469144"}],"wp:featuredmedia":[{"embeddable":true,"href":"http:\/\/desarrollo.grupomedios.com\/futbol\/wp-json\/wp\/v2\/media\/469142"}],"wp:attachment":[{"href":"http:\/\/desarrollo.grupomedios.com\/futbol\/wp-json\/wp\/v2\/media?parent=469138"}],"wp:term":[{"taxonomy":"category","embeddable":true,"href":"http:\/\/desarrollo.grupomedios.com\/futbol\/wp-json\/wp\/v2\/categories?post=469138"},{"taxonomy":"post_tag","embeddable":true,"href":"http:\/\/desarrollo.grupomedios.com\/futbol\/wp-json\/wp\/v2\/tags?post=469138"}],"curies":[{"name":"wp","href":"https:\/\/api.w.org\/{rel}","templated":true}]}}