{"id":469151,"date":"2017-03-16T15:01:08","date_gmt":"2017-03-16T21:01:08","guid":{"rendered":"https:\/\/www.futboltotal.com.mx\/?p=469151"},"modified":"2017-03-16T15:01:08","modified_gmt":"2017-03-16T21:01:08","slug":"william-yarbrough-se-averguenza-estar-en-ultimo-lugar-leon","status":"publish","type":"post","link":"http:\/\/desarrollo.grupomedios.com\/futbol\/futbol-mexicano\/william-yarbrough-se-averguenza-estar-en-ultimo-lugar-leon\/2017\/03","title":{"rendered":"William Yarbrough se averg\u00fcenza de estar en el fondo con Le\u00f3n"},"content":{"rendered":"<p>Le\u00f3n no est\u00e1 pasando por su mejor momento en la actualidad, pues se presentan como el \u00faltimo lugar del Clausura 2017, luego de haber vivido un gran momento en la temporada pasada, cuando pudieron acceder hasta las semifinales.<\/p>\n<p><strong>William Yarbrough<\/strong> coment\u00f3 en una entrevista para <em>Marca Claro<\/em>, que no se siente feliz por estar en el \u00faltimo lugar de la tabla en la Liga Mx y espera salir pronto de esa posici\u00f3n.<\/p>\n<p style=\"text-align: center;\"><a href=\"https:\/\/www.futboltotal.com.mx\/2017\/03\/tigres-papa-cruz-azul-en-los-ultimos-cinco-anos\/\" target=\"_blank\">LEER M\u00c1S: \u00a1Tigres, \u2018PAP\u00c1\u2019 de Cruz Azul en los \u00faltimos cinco a\u00f1os!<\/a><\/p>\n<blockquote><p>&#8220;Una instituci\u00f3n como Le\u00f3n, genera verg\u00fcenza verlo en la \u00faltima posici\u00f3n de la Tabla General&#8221;, declar\u00f3 el mexicos-estadounidense.<\/p><\/blockquote>\n<p><strong>Yarbrough<\/strong> espera que Toluca sea la catapulta que los ayude a mejorar, a pesar de estar consciente que ser\u00e1 uno de los juegos m\u00e1s complicados.<\/p>\n<blockquote><p>&#8220;Sabemos de la importancia de este partido, queremos darle una alegr\u00eda a nuestra afici\u00f3n, aun contra Toluca que tiene un buen manejo de pelota, personas para suplir a cualquiera de sus futbolistas y capaces de definir un juego en el momento clave&#8221;, puntualiz\u00f3 <strong>William.<\/strong><\/p><\/blockquote>\n<p>S\u00edguenos en Twitter: <a href=\"https:\/\/twitter.com\/MXFutbolTotal\" target=\"_blank\">@MXFutbolTotal<\/a><\/p>\n<p>&nbsp;<\/p>\n","protected":false},"excerpt":{"rendered":"<p>El guardameta se nota molesto con la situaci\u00f3n de la Fiera. <\/p>\n","protected":false},"author":20,"featured_media":469158,"comment_status":"closed","ping_status":"closed","sticky":false,"template":"","format":"standard","meta":[],"categories":[2198,3845],"tags":[5965],"_links":{"self":[{"href":"http:\/\/desarrollo.grupomedios.com\/futbol\/wp-json\/wp\/v2\/posts\/469151"}],"collection":[{"href":"http:\/\/desarrollo.grupomedios.com\/futbol\/wp-json\/wp\/v2\/posts"}],"about":[{"href":"http:\/\/desarrollo.grupomedios.com\/futbol\/wp-json\/wp\/v2\/types\/post"}],"author":[{"embeddable":true,"href":"http:\/\/desarrollo.grupomedios.com\/futbol\/wp-json\/wp\/v2\/users\/20"}],"replies":[{"embeddable":true,"href":"http:\/\/desarrollo.grupomedios.com\/futbol\/wp-json\/wp\/v2\/comments?post=469151"}],"version-history":[{"count":1,"href":"http:\/\/desarrollo.grupomedios.com\/futbol\/wp-json\/wp\/v2\/posts\/469151\/revisions"}],"predecessor-version":[{"id":469159,"href":"http:\/\/desarrollo.grupomedios.com\/futbol\/wp-json\/wp\/v2\/posts\/469151\/revisions\/469159"}],"wp:featuredmedia":[{"embeddable":true,"href":"http:\/\/desarrollo.grupomedios.com\/futbol\/wp-json\/wp\/v2\/media\/469158"}],"wp:attachment":[{"href":"http:\/\/desarrollo.grupomedios.com\/futbol\/wp-json\/wp\/v2\/media?parent=469151"}],"wp:term":[{"taxonomy":"category","embeddable":true,"href":"http:\/\/desarrollo.grupomedios.com\/futbol\/wp-json\/wp\/v2\/categories?post=469151"},{"taxonomy":"post_tag","embeddable":true,"href":"http:\/\/desarrollo.grupomedios.com\/futbol\/wp-json\/wp\/v2\/tags?post=469151"}],"curies":[{"name":"wp","href":"https:\/\/api.w.org\/{rel}","templated":true}]}}