{"id":469154,"date":"2017-03-16T14:56:18","date_gmt":"2017-03-16T20:56:18","guid":{"rendered":"https:\/\/www.futboltotal.com.mx\/?p=469154"},"modified":"2017-03-16T14:56:18","modified_gmt":"2017-03-16T20:56:18","slug":"mark-zuckerberg-se-anima-a-correr-en-nascar","status":"publish","type":"post","link":"http:\/\/desarrollo.grupomedios.com\/futbol\/no-todo-es-futbol\/mark-zuckerberg-se-anima-a-correr-en-nascar\/2017\/03","title":{"rendered":"\u00a1Mark Zuckerberg se anima a correr en Nascar!"},"content":{"rendered":"<p>A trav\u00e9s de redes sociales y de canales deportivos, el CEO y creador de Facebook, <strong>Mark Zuckerberg<\/strong>, comparti\u00f3 c\u00f3mo aprendi\u00f3 a conducir un veh\u00edculo de <strong>Nascar<\/strong>, instruido por Dale Earnhardt Jr., ganador de la Copa en 14 ocasiones, entre 2003 y 2016, as\u00ed que era un maestro inmejorable para la incursi\u00f3n del empresario en el automovilismo.<\/p>\n<p style=\"text-align: center;\"><span style=\"color: #3366ff;\"><a style=\"color: #3366ff;\" href=\"https:\/\/www.futboltotal.com.mx\/2017\/01\/mexicano-sufre-racismo-competir-en-nascar\/\" target=\"_blank\"><strong>LEER M\u00c1S: El mexicano que sufri\u00f3 racismo en Nascar<\/strong><\/a><\/span><\/p>\n<p><iframe loading=\"lazy\" src=\"https:\/\/www.youtube.com\/embed\/tP5_isr7i28\" frameborder=\"0\" allowfullscreen=\"allowfullscreen\"><\/iframe><\/p>\n<p><iframe loading=\"lazy\" style=\"border: none; overflow: hidden;\" src=\"https:\/\/www.facebook.com\/plugins\/post.php?href=https%3A%2F%2Fwww.facebook.com%2Fpermalink.php%3Fstory_fbid%3D431855600488292%26id%3D426066107733908&amp;width=500\" frameborder=\"0\" scrolling=\"no\"><\/iframe><\/p>\n<p><strong>S\u00edguenos en Twitter<\/strong>: <a href=\"https:\/\/twitter.com\/MXFutbolTotal\" target=\"_blank\">@MXFutbolTotal<\/a><\/p>\n","protected":false},"excerpt":{"rendered":"<p>El creador de Facebook aprende a conducir un autom\u00f3vil de carreras.<\/p>\n","protected":false},"author":20,"featured_media":469155,"comment_status":"closed","ping_status":"closed","sticky":false,"template":"","format":"standard","meta":[],"categories":[5810,5418,6411],"tags":[2707,5461],"_links":{"self":[{"href":"http:\/\/desarrollo.grupomedios.com\/futbol\/wp-json\/wp\/v2\/posts\/469154"}],"collection":[{"href":"http:\/\/desarrollo.grupomedios.com\/futbol\/wp-json\/wp\/v2\/posts"}],"about":[{"href":"http:\/\/desarrollo.grupomedios.com\/futbol\/wp-json\/wp\/v2\/types\/post"}],"author":[{"embeddable":true,"href":"http:\/\/desarrollo.grupomedios.com\/futbol\/wp-json\/wp\/v2\/users\/20"}],"replies":[{"embeddable":true,"href":"http:\/\/desarrollo.grupomedios.com\/futbol\/wp-json\/wp\/v2\/comments?post=469154"}],"version-history":[{"count":1,"href":"http:\/\/desarrollo.grupomedios.com\/futbol\/wp-json\/wp\/v2\/posts\/469154\/revisions"}],"predecessor-version":[{"id":469156,"href":"http:\/\/desarrollo.grupomedios.com\/futbol\/wp-json\/wp\/v2\/posts\/469154\/revisions\/469156"}],"wp:featuredmedia":[{"embeddable":true,"href":"http:\/\/desarrollo.grupomedios.com\/futbol\/wp-json\/wp\/v2\/media\/469155"}],"wp:attachment":[{"href":"http:\/\/desarrollo.grupomedios.com\/futbol\/wp-json\/wp\/v2\/media?parent=469154"}],"wp:term":[{"taxonomy":"category","embeddable":true,"href":"http:\/\/desarrollo.grupomedios.com\/futbol\/wp-json\/wp\/v2\/categories?post=469154"},{"taxonomy":"post_tag","embeddable":true,"href":"http:\/\/desarrollo.grupomedios.com\/futbol\/wp-json\/wp\/v2\/tags?post=469154"}],"curies":[{"name":"wp","href":"https:\/\/api.w.org\/{rel}","templated":true}]}}