{"id":469185,"date":"2017-03-16T16:44:18","date_gmt":"2017-03-16T22:44:18","guid":{"rendered":"https:\/\/www.futboltotal.com.mx\/?p=469185"},"modified":"2017-03-16T16:53:07","modified_gmt":"2017-03-16T22:53:07","slug":"liga-mx-anuncia-cuando-se-jugara-la-jornada-10","status":"publish","type":"post","link":"http:\/\/desarrollo.grupomedios.com\/futbol\/destacado-home\/liga-mx-anuncia-cuando-se-jugara-la-jornada-10\/2017\/03","title":{"rendered":"\u00a1Jornada 10 cambia final de la Copa MX!"},"content":{"rendered":"<p>La Liga MX anunci\u00f3 este jueves la fecha en que se jugar\u00e1 la Jornada 10 del Clausura 2017, pospuesta el pasado 10 de marzo tras el paro arbitral de la Asociaci\u00f3n Mexicana de \u00c1rbitros\u00a0como inconformidad a los castigos dados a conocer a los jugadores <strong>Pablo Aguilar<\/strong> y <strong>Enrique Triverio<\/strong>.<\/p>\n<p style=\"text-align: left;\">A trav\u00e9s de su cuenta de <em>twitter<\/em>, la Liga MX confirm\u00f3 que los nueve partidos se jugar\u00e1n los d\u00edas martes 11 y jueves 13 de abril, exactamente entre las jornadas 13 y 14 y, adem\u00e1s anunci\u00f3 que la Final de la Copa MX ya no se jugar\u00e1 el d\u00eda 12 del mismo mes como estaba pactado.<\/p>\n<p style=\"text-align: center;\"><span style=\"color: #3366ff;\"><a style=\"color: #3366ff;\" href=\"https:\/\/www.futboltotal.com.mx\/2017\/03\/mexico-anuncia-sus-convocados-duelos-costa-rica-trinidad-tobago\/\">VER M\u00c1S: M\u00e9xico dio convocatoria para Costa Rica y Trinidad y Tobago<\/a><\/span><\/p>\n<blockquote class=\"twitter-tweet\" data-lang=\"es\">\n<p dir=\"ltr\" lang=\"es\">La <a href=\"https:\/\/twitter.com\/hashtag\/LIGABancomerMX?src=hash\">#LIGABancomerMX<\/a> informa que la Jornada 10 del Clausura 2017 se jugar\u00e1 entre los d\u00edas 11 y 13 de abril, entre las Jornadas 13 y 14. <a href=\"https:\/\/t.co\/vOifoXyDv0\">pic.twitter.com\/vOifoXyDv0<\/a><\/p>\n<p>\u2014 LIGA Bancomer MX (@LIGABancomerMX) <a href=\"https:\/\/twitter.com\/LIGABancomerMX\/status\/842502668916592643\">16 de marzo de 2017<\/a><\/p><\/blockquote>\n<p><script async src=\"\/\/platform.twitter.com\/widgets.js\" charset=\"utf-8\"><\/script><\/p>\n<p>Ahora la final de la Copa MX, a la que podr\u00edan acceder los semifinalistas Monterrey, Chivas, Morelia y Cruz Azul, ha sido reprogramada y se disputar\u00e1 el 19 de abril y con ello ya no habr\u00e1 necesidad de que alguno de estos clubes tenga que posponer aun m\u00e1s el partido de liga que hab\u00eda quedado pendiente.<\/p>\n<p style=\"text-align: center;\"><span style=\"color: #3366ff;\"><a style=\"color: #3366ff;\" href=\"https:\/\/www.futboltotal.com.mx\/2017\/03\/pablo-aguilar-y-enrique-triverio-se-van-suspendidos-un-ano\/\">VER M\u00c1S: Pablo Aguialry Triverio s\u00ed se vansuspendidos un a\u00f1o<\/a><\/span><\/p>\n<p class=\"p1\"><span class=\"s1\"><b>S\u00edguenos en Twitter<\/b>:\u00a0<a href=\"https:\/\/twitter.com\/MXFutbolTotal\"><span class=\"s2\">@MXFutbolTotal<\/span><\/a><\/span><\/p>\n<div class=\"boxNota\"><\/div>\n","protected":false},"excerpt":{"rendered":"<p>Los partidos de liga se jugar\u00e1n el martes 11 y el jueves 13 de abril; la final copera el mi\u00e9rcoles 19. <\/p>\n","protected":false},"author":20,"featured_media":469202,"comment_status":"closed","ping_status":"closed","sticky":false,"template":"","format":"standard","meta":[],"categories":[5,2198,3845],"tags":[7732,1508,64],"_links":{"self":[{"href":"http:\/\/desarrollo.grupomedios.com\/futbol\/wp-json\/wp\/v2\/posts\/469185"}],"collection":[{"href":"http:\/\/desarrollo.grupomedios.com\/futbol\/wp-json\/wp\/v2\/posts"}],"about":[{"href":"http:\/\/desarrollo.grupomedios.com\/futbol\/wp-json\/wp\/v2\/types\/post"}],"author":[{"embeddable":true,"href":"http:\/\/desarrollo.grupomedios.com\/futbol\/wp-json\/wp\/v2\/users\/20"}],"replies":[{"embeddable":true,"href":"http:\/\/desarrollo.grupomedios.com\/futbol\/wp-json\/wp\/v2\/comments?post=469185"}],"version-history":[{"count":5,"href":"http:\/\/desarrollo.grupomedios.com\/futbol\/wp-json\/wp\/v2\/posts\/469185\/revisions"}],"predecessor-version":[{"id":469203,"href":"http:\/\/desarrollo.grupomedios.com\/futbol\/wp-json\/wp\/v2\/posts\/469185\/revisions\/469203"}],"wp:featuredmedia":[{"embeddable":true,"href":"http:\/\/desarrollo.grupomedios.com\/futbol\/wp-json\/wp\/v2\/media\/469202"}],"wp:attachment":[{"href":"http:\/\/desarrollo.grupomedios.com\/futbol\/wp-json\/wp\/v2\/media?parent=469185"}],"wp:term":[{"taxonomy":"category","embeddable":true,"href":"http:\/\/desarrollo.grupomedios.com\/futbol\/wp-json\/wp\/v2\/categories?post=469185"},{"taxonomy":"post_tag","embeddable":true,"href":"http:\/\/desarrollo.grupomedios.com\/futbol\/wp-json\/wp\/v2\/tags?post=469185"}],"curies":[{"name":"wp","href":"https:\/\/api.w.org\/{rel}","templated":true}]}}