{"id":469198,"date":"2017-03-16T18:37:36","date_gmt":"2017-03-17T00:37:36","guid":{"rendered":"https:\/\/www.futboltotal.com.mx\/?p=469198"},"modified":"2017-03-16T18:37:36","modified_gmt":"2017-03-17T00:37:36","slug":"necaxa-tiene-nuevo-refuerzo-para-el-clausura","status":"publish","type":"post","link":"http:\/\/desarrollo.grupomedios.com\/futbol\/cambio-de-juego\/necaxa-tiene-nuevo-refuerzo-para-el-clausura\/2017\/03","title":{"rendered":"Necaxa tiene nuevo &#8216;refuerzo&#8217; para el Clausura"},"content":{"rendered":"<p><strong>Necaxa<\/strong> acaba de anunciar un nuevo patrocinador oficial, se trata de la empresa dedicada a dar servicio de transporte por medio de carros en excelentes condiciones. <strong>Cabify<\/strong> ahora lucir\u00e1 en el uniforme de los <em>Rayos.<\/em><\/p>\n<p style=\"text-align: left;\">Las calcetas ser\u00e1 el lugar en donde podr\u00e1s encontrar al nuevo patrocinador, adem\u00e1s de que hace poco anunciaron su llegada a todo Aguascalientes.<\/p>\n<p style=\"text-align: center;\"><a href=\"https:\/\/www.futboltotal.com.mx\/2017\/03\/liga-mx-anuncia-cuando-se-jugara-la-jornada-10\/\" target=\"_blank\">LEER M\u00c1S: \u00a1Jornada 10 cambia final de la Copa MX!<\/a><\/p>\n<p>Dentro de la alianza hay actividades dentro del Estadio, promociones en redes sociales y sorpresas para que los clientes puedan conocer a los jugadores del club.<\/p>\n<p>&nbsp;<\/p>\n<blockquote class=\"twitter-tweet\" data-lang=\"es\">\n<p dir=\"ltr\" lang=\"es\">\u00bfQui\u00e9n ya descarg\u00f3 la app? \u00a1Hazlo ahora que vendr\u00e1n varias sorpresas para ti! <a href=\"https:\/\/twitter.com\/Cabify_Mexico\">@Cabify_Mexico<\/a> patrocinador oficial de <a href=\"https:\/\/twitter.com\/ClubNecaxa\">@ClubNecaxa<\/a> <a href=\"https:\/\/t.co\/bDeiGutKJ0\">pic.twitter.com\/bDeiGutKJ0<\/a><\/p>\n<p>\u2014 Club Necaxa \u26a1 (@ClubNecaxa) <a href=\"https:\/\/twitter.com\/ClubNecaxa\/status\/842466417110839296\">16 de marzo de 2017<\/a><\/p><\/blockquote>\n<p><script async src=\"\/\/platform.twitter.com\/widgets.js\" charset=\"utf-8\"><\/script><\/p>\n<p>S\u00edguenos en Twitter:<a href=\"https:\/\/twitter.com\/MXFutbolTotal\" target=\"_blank\"> @MXFutbolTotal<\/a><\/p>\n","protected":false},"excerpt":{"rendered":"<p>Los Rayos contar\u00e1n con un nuevo patrocinador. <\/p>\n","protected":false},"author":20,"featured_media":469208,"comment_status":"closed","ping_status":"closed","sticky":false,"template":"","format":"standard","meta":[],"categories":[5419],"tags":[261],"_links":{"self":[{"href":"http:\/\/desarrollo.grupomedios.com\/futbol\/wp-json\/wp\/v2\/posts\/469198"}],"collection":[{"href":"http:\/\/desarrollo.grupomedios.com\/futbol\/wp-json\/wp\/v2\/posts"}],"about":[{"href":"http:\/\/desarrollo.grupomedios.com\/futbol\/wp-json\/wp\/v2\/types\/post"}],"author":[{"embeddable":true,"href":"http:\/\/desarrollo.grupomedios.com\/futbol\/wp-json\/wp\/v2\/users\/20"}],"replies":[{"embeddable":true,"href":"http:\/\/desarrollo.grupomedios.com\/futbol\/wp-json\/wp\/v2\/comments?post=469198"}],"version-history":[{"count":1,"href":"http:\/\/desarrollo.grupomedios.com\/futbol\/wp-json\/wp\/v2\/posts\/469198\/revisions"}],"predecessor-version":[{"id":469209,"href":"http:\/\/desarrollo.grupomedios.com\/futbol\/wp-json\/wp\/v2\/posts\/469198\/revisions\/469209"}],"wp:featuredmedia":[{"embeddable":true,"href":"http:\/\/desarrollo.grupomedios.com\/futbol\/wp-json\/wp\/v2\/media\/469208"}],"wp:attachment":[{"href":"http:\/\/desarrollo.grupomedios.com\/futbol\/wp-json\/wp\/v2\/media?parent=469198"}],"wp:term":[{"taxonomy":"category","embeddable":true,"href":"http:\/\/desarrollo.grupomedios.com\/futbol\/wp-json\/wp\/v2\/categories?post=469198"},{"taxonomy":"post_tag","embeddable":true,"href":"http:\/\/desarrollo.grupomedios.com\/futbol\/wp-json\/wp\/v2\/tags?post=469198"}],"curies":[{"name":"wp","href":"https:\/\/api.w.org\/{rel}","templated":true}]}}