{"id":469222,"date":"2017-03-16T19:26:13","date_gmt":"2017-03-17T01:26:13","guid":{"rendered":"https:\/\/www.futboltotal.com.mx\/?p=469222"},"modified":"2017-03-16T19:26:13","modified_gmt":"2017-03-17T01:26:13","slug":"miguel-layun-cree-mexico-sea-gigante-la-concacaf","status":"publish","type":"post","link":"http:\/\/desarrollo.grupomedios.com\/futbol\/futbol-mexicano\/miguel-layun-cree-mexico-sea-gigante-la-concacaf\/2017\/03","title":{"rendered":"Miguel Lay\u00fan no cree que M\u00e9xico sea el &#8216;Gigante de la CONCACAF&#8217;"},"content":{"rendered":"<p>Se acerca una nueva fecha FIFA, en donde <strong>M\u00e9xico<\/strong> buscar\u00e1 continuar con buen paso en las eliminatorias de CONCACAF cuando enfrente a <strong>Costa Rica y a Trinidad y Tobago<\/strong>, en la b\u00fasqueda de su boleto para Rusia 2018.<\/p>\n<p>En una entrevista para <em>Marca Claro<\/em>, <strong>Miguel Lay\u00fan<\/strong> habl\u00f3 sobre lo que se viene para la Selecci\u00f3n en los pr\u00f3ximos d\u00edas e incluso se dio tiempo de aclarar que en CONCACAF ya no existe un &#8216; Gigante.<\/p>\n<blockquote><p>&#8220;Qued\u00f3 atr\u00e1s en todos los aspectos, no s\u00f3lo para M\u00e9xico, sino para todos. Los equipos son m\u00e1s competitivos, con jugadores mejor preparados y que te juegan de t\u00fa a t\u00fa en cualquier cancha. Es importante tener en claro que debemos esforzarnos para poder clasificar&#8221;, explic\u00f3 <strong>Lay\u00fan.\u00a0<\/strong><\/p><\/blockquote>\n<p><strong>Miguel<\/strong> dijo sentirse contento de poder regresar a una convocatoria luego de haber pasado por momentos dif\u00edciles a inicio de a\u00f1o por la lesi\u00f3n que arrastraba desde el 2016.<\/p>\n<p style=\"text-align: center;\"><a href=\"https:\/\/www.futboltotal.com.mx\/2017\/03\/mexico-anuncia-sus-convocados-duelos-costa-rica-trinidad-tobago\/\" target=\"_blank\">LEER M\u00c1S: M\u00e9xico dio convocatoria para Costa Rica y Trinidad y Tobago<\/a><\/p>\n<blockquote><p>&#8220;Para mi es mucha felicidad poder estar ah\u00ed, uno desde ni\u00f1o sue\u00f1a con estar en la selecci\u00f3n&#8221;, fueron las palabras del defensor del Porto.<\/p><\/blockquote>\n<p>El lateral mexicano termin\u00f3 hablando de los contrincantes de <strong>M\u00e9xico<\/strong> para la Fecha FIFA, en donde destac\u00f3 el poder de <strong>Costa Rica<\/strong> y pidi\u00f3 que la afici\u00f3n apoye al m\u00e1ximo para que los <em>Ticos<\/em> sientan presi\u00f3n por parte del Estadio.<\/p>\n<blockquote><p>&#8220;Costa Rica es un rival que tiene grandes jugadores, creo que vendr\u00e1n con la intenci\u00f3n de llevarse el triunfo, pero para nosotros ser\u00e1 bueno hacer sentir el estadio y sacar un triunfo de casa. Para ense\u00f1ar que queremos ser el primero de esta etapa. Trinidad tiene jugadores muy fuertes, con muchas capacidades y tendremos que intentar imponer la calidad que tenemos&#8221;, finaliz\u00f3 Miguel Lay\u00fan.<\/p><\/blockquote>\n<p><a href=\"https:\/\/twitter.com\/MXFutbolTotal\" target=\"_blank\">S\u00edguenos en Twitter: <\/a>@MXFutbolTotal<\/p>\n","protected":false},"excerpt":{"rendered":"<p>El lateral del Porto habl\u00f3 sobre la Fecha FIFA. <\/p>\n","protected":false},"author":20,"featured_media":469223,"comment_status":"closed","ping_status":"closed","sticky":false,"template":"","format":"standard","meta":[],"categories":[2198,3847],"tags":[1035],"_links":{"self":[{"href":"http:\/\/desarrollo.grupomedios.com\/futbol\/wp-json\/wp\/v2\/posts\/469222"}],"collection":[{"href":"http:\/\/desarrollo.grupomedios.com\/futbol\/wp-json\/wp\/v2\/posts"}],"about":[{"href":"http:\/\/desarrollo.grupomedios.com\/futbol\/wp-json\/wp\/v2\/types\/post"}],"author":[{"embeddable":true,"href":"http:\/\/desarrollo.grupomedios.com\/futbol\/wp-json\/wp\/v2\/users\/20"}],"replies":[{"embeddable":true,"href":"http:\/\/desarrollo.grupomedios.com\/futbol\/wp-json\/wp\/v2\/comments?post=469222"}],"version-history":[{"count":1,"href":"http:\/\/desarrollo.grupomedios.com\/futbol\/wp-json\/wp\/v2\/posts\/469222\/revisions"}],"predecessor-version":[{"id":469224,"href":"http:\/\/desarrollo.grupomedios.com\/futbol\/wp-json\/wp\/v2\/posts\/469222\/revisions\/469224"}],"wp:featuredmedia":[{"embeddable":true,"href":"http:\/\/desarrollo.grupomedios.com\/futbol\/wp-json\/wp\/v2\/media\/469223"}],"wp:attachment":[{"href":"http:\/\/desarrollo.grupomedios.com\/futbol\/wp-json\/wp\/v2\/media?parent=469222"}],"wp:term":[{"taxonomy":"category","embeddable":true,"href":"http:\/\/desarrollo.grupomedios.com\/futbol\/wp-json\/wp\/v2\/categories?post=469222"},{"taxonomy":"post_tag","embeddable":true,"href":"http:\/\/desarrollo.grupomedios.com\/futbol\/wp-json\/wp\/v2\/tags?post=469222"}],"curies":[{"name":"wp","href":"https:\/\/api.w.org\/{rel}","templated":true}]}}